{"id":105818,"date":"2025-12-14T17:08:11","date_gmt":"2025-12-14T17:08:11","guid":{"rendered":"https:\/\/www.europesays.com\/se\/105818\/"},"modified":"2025-12-14T17:08:11","modified_gmt":"2025-12-14T17:08:11","slug":"paven-lat-musiken-vara-en-boning-for-sjalen-vid-jul","status":"publish","type":"post","link":"https:\/\/www.europesays.com\/se\/105818\/","title":{"rendered":"P\u00e5ven: L\u00e5t musiken vara en \u201dboning f\u00f6r sj\u00e4len\u201d vid jul"},"content":{"rendered":"<p>P\u00e5ve Leo m\u00f6tte p\u00e5 l\u00f6rdagen artister och arrang\u00f6rer som medverkade i Vatikanens julkonsert och sa att h\u00f6gtiden p\u00e5minner oss om att Gud kommer oss till m\u00f6tes \u201di sj\u00e4lva hj\u00e4rtat av v\u00e5ra sm\u00e5 m\u00e4nskliga ber\u00e4ttelser\u201d.<\/p>\n<p><b>Vatican News<\/b><\/p>\n<p>I 33 \u00e5r har Vatikanen st\u00e5tt v\u00e4rd f\u00f6r en julkonsert i Paulus VI:s audienshallen. I \u00e5r \u00e4ger evenemanget rum i auditoriet p\u00e5 Via della Conciliazione, inte l\u00e5ngt fr\u00e5n Peterskyrkan, l\u00f6rdagen den 13 december.<\/p>\n<p>Vid ett m\u00f6te med arrang\u00f6rerna och de artister som deltog betonade p\u00e5ven att \u201dmusiken f\u00f6ljer v\u00e5ra livsv\u00e4gar, v\u00e5ra minnen och v\u00e5ra anstr\u00e4ngningar: den \u00e4r en gemensam, intim dagbok som bevarar varje m\u00e4nniskas k\u00e4nslor \u2013 nostalgi, l\u00e4ngtan, f\u00f6rv\u00e4ntan, vilsenhet, p\u00e5nyttf\u00f6delse \u2013 och ber\u00e4ttar v\u00e5r historia med enkelhet och samtidigt med djup.\u201d<\/p>\n<p><b>Gud m\u00f6ter oss i v\u00e5ra ber\u00e4ttelser<\/b> <\/p>\n<p>\u201dJulen p\u00e5minner oss ocks\u00e5\u201d, fortsatte p\u00e5ve Leo, \u201dom att Gud, f\u00f6r att uppenbara sig, v\u00e4ljer en m\u00e4nsklig milj\u00f6. Han f\u00f6rlitar sig inte p\u00e5 storslagna kulisser utan p\u00e5 ett enkelt hem; han visar sig inte p\u00e5 avst\u00e5nd utan kommer n\u00e4ra; han f\u00f6rblir inte p\u00e5 en o\u00e5tkomlig plats i himlen utan kommer oss till m\u00f6tes i sj\u00e4lva hj\u00e4rtat av v\u00e5ra sm\u00e5 ber\u00e4ttelser.\u201d<\/p>\n<p>P\u00e5ven p\u00e5minde om att int\u00e4kterna fr\u00e5n \u00e5rets konsert kommer att g\u00e5 till ett salesianskt missionsprojekt i Republiken Kongo, d\u00e4r en grundskola f\u00f6r 350 barn ska byggas.<\/p>\n<p>Detta projekt, noterade p\u00e5ven, p\u00e5minner oss om att sk\u00f6nhet, \u201dn\u00e4r den \u00e4r \u00e4kta, inte f\u00f6rblir sluten i sig sj\u00e4lv utan ger upphov till ansvarsfulla val f\u00f6r v\u00e4rlden\u201d.<\/p>\n<p>Med julen runt h\u00f6rnet uttryckte p\u00e5ven sin f\u00f6rhoppning om att \u201dmusiken kan vara en boning f\u00f6r sj\u00e4len \u2013 ett inre rum d\u00e4r hj\u00e4rtat kan tala, som f\u00f6r oss n\u00e4rmare Gud och l\u00e5ter v\u00e5r m\u00e4nsklighet alltmer inspireras av hans k\u00e4rlek.\u201d<\/p>\n","protected":false},"excerpt":{"rendered":"P\u00e5ve Leo m\u00f6tte p\u00e5 l\u00f6rdagen artister och arrang\u00f6rer som medverkade i Vatikanens julkonsert och sa att h\u00f6gtiden p\u00e5minner&hellip;\n","protected":false},"author":2,"featured_media":105819,"comment_status":"","ping_status":"","sticky":false,"template":"","format":"standard","meta":{"footnotes":""},"categories":[14],"tags":[22,23,26,27,17,21,24,25,28,29,15,16,18,34,31,33,32,30,19,20,51,52,53,54],"class_list":{"0":"post-105818","1":"post","2":"type-post","3":"status-publish","4":"format-standard","5":"has-post-thumbnail","7":"category-varlden","8":"tag-breaking-news","9":"tag-breakingnews","10":"tag-featured-news","11":"tag-featurednews","12":"tag-headlines","13":"tag-huvudnyheter","14":"tag-latest-news","15":"tag-latestnews","16":"tag-main-news","17":"tag-mainnews","18":"tag-news","19":"tag-nyheter","20":"tag-rubriker","21":"tag-se","22":"tag-svenska","23":"tag-sverige","24":"tag-sweden","25":"tag-swedish","26":"tag-top-stories","27":"tag-topstories","28":"tag-varlden","29":"tag-world","30":"tag-world-news","31":"tag-worldnews"},"share_on_mastodon":{"url":"https:\/\/pubeurope.com\/@se\/115719025656744189","error":""},"_links":{"self":[{"href":"https:\/\/www.europesays.com\/se\/wp-json\/wp\/v2\/posts\/105818","targetHints":{"allow":["GET"]}}],"collection":[{"href":"https:\/\/www.europesays.com\/se\/wp-json\/wp\/v2\/posts"}],"about":[{"href":"https:\/\/www.europesays.com\/se\/wp-json\/wp\/v2\/types\/post"}],"author":[{"embeddable":true,"href":"https:\/\/www.europesays.com\/se\/wp-json\/wp\/v2\/users\/2"}],"replies":[{"embeddable":true,"href":"https:\/\/www.europesays.com\/se\/wp-json\/wp\/v2\/comments?post=105818"}],"version-history":[{"count":0,"href":"https:\/\/www.europesays.com\/se\/wp-json\/wp\/v2\/posts\/105818\/revisions"}],"wp:featuredmedia":[{"embeddable":true,"href":"https:\/\/www.europesays.com\/se\/wp-json\/wp\/v2\/media\/105819"}],"wp:attachment":[{"href":"https:\/\/www.europesays.com\/se\/wp-json\/wp\/v2\/media?parent=105818"}],"wp:term":[{"taxonomy":"category","embeddable":true,"href":"https:\/\/www.europesays.com\/se\/wp-json\/wp\/v2\/categories?post=105818"},{"taxonomy":"post_tag","embeddable":true,"href":"https:\/\/www.europesays.com\/se\/wp-json\/wp\/v2\/tags?post=105818"}],"curies":[{"name":"wp","href":"https:\/\/api.w.org\/{rel}","templated":true}]}}