{"id":105822,"date":"2025-12-14T17:12:14","date_gmt":"2025-12-14T17:12:14","guid":{"rendered":"https:\/\/www.europesays.com\/se\/105822\/"},"modified":"2025-12-14T17:12:14","modified_gmt":"2025-12-14T17:12:14","slug":"spelet-bakom-jattetrejden-har-varit-pa-gang-i-ett-ar","status":"publish","type":"post","link":"https:\/\/www.europesays.com\/se\/105822\/","title":{"rendered":"Spelet bakom j\u00e4ttetrejden: &#8221;Har varit p\u00e5 g\u00e5ng i ett \u00e5r&#8221;"},"content":{"rendered":"<p><strong>Det var en \u201dblockbuster\u201d n\u00e4r <a href=\"https:\/\/hockeysverige.se\/spelare\/quinn-hughes\" rel=\"nofollow noopener\" target=\"_blank\">Quinn Hughes<\/a> trejdades till <a href=\"https:\/\/hockeysverige.se\/klubb\/minnesota-wild\" rel=\"nofollow noopener\" target=\"_blank\">Minnesota Wild<\/a>. <br \/>Men trejden har varit p\u00e5 g\u00e5ng l\u00e4nge \u2013 och flera klubbar har f\u00f6rhandlat med <a href=\"https:\/\/hockeysverige.se\/klubb\/vancouver-canucks\" rel=\"nofollow noopener\" target=\"_blank\">Vancouver<\/a> om storstj\u00e4rnan. <br \/>\u2013 Vi gjorde allt i v\u00e5r makt f\u00f6r att \u00f6vertala honom att stanna h\u00e4r, s\u00e4ger Canucks general manager Patrik Allvin. <\/strong><\/p>\n<p><img loading=\"lazy\" decoding=\"async\" width=\"1024\" height=\"658\" src=\"https:\/\/www.europesays.com\/se\/wp-content\/uploads\/2025\/12\/Quinn-Hughes-klubbar-1024x658.webp.webp\" alt=\"Quinn Hughes.\" class=\"wp-image-336435\"  \/>Flera klubbar var intresserade av Quinn Hughes innan han trejdades till Minnesota Wild. <strong>Foto:<\/strong> Simon Fearn-Imagn Images (Montage)<\/p>\n<p>Tidigare i helgen skedde en av de st\u00f6rsta bytesaff\u00e4rerna i <a href=\"https:\/\/hockeysverige.se\/nhl\" rel=\"nofollow noopener\" target=\"_blank\">NHL<\/a> de senaste \u00e5ren. <\/p>\n<p>Vancouver Canucks skickade iv\u00e4g sin lagkapten och storstj\u00e4rna Quinn Hughes, som anses vara en av v\u00e4rldens b\u00e4sta backar, <a href=\"https:\/\/hockeysverige.se\/nhl\/quinn-hughes-trejd-vancouver-canucks-minnesota-wild-rossi-buium-ohgren\/\" rel=\"nofollow noopener\" target=\"_blank\">till Minnesota Wild<\/a>. I motsatt riktning fick Vancouver svenske <a href=\"https:\/\/hockeysverige.se\/spelare\/liam-ohgren\" rel=\"nofollow noopener\" target=\"_blank\">Liam \u00d6hgren<\/a>, centern Marco Rossi och backtalangen <a href=\"https:\/\/hockeysverige.se\/spelare\/zeev-buium\" rel=\"nofollow noopener\" target=\"_blank\">Zeev Buium<\/a> samt ett f\u00f6rstarundeval i n\u00e4sta \u00e5r NHL-draft. Det \u00e4r en trejd som har skickat chockv\u00e5gar genom hela hockeyv\u00e4rlden. <\/p>\n<p>Men att Quinn Hughes l\u00e4mnar Vancouver \u00e4r inget som har kommit pl\u00f6tsligt. 26-\u00e5ringen har ryktats vara p\u00e5 v\u00e4g bort fr\u00e5n Canucks under en l\u00e4ngre tid. Nu avsl\u00f6jas ocks\u00e5 spelet bakom \u00f6verg\u00e5ngen. <\/p>\n<p>\u2013 Jag tror att det \u00e4r ungef\u00e4r ett \u00e5r sedan som vi b\u00f6rjade f\u00f6rst\u00e5 att det var den h\u00e4r v\u00e4gen som Quinn ville g\u00e5. Vi hoppades att han skulle \u00e4ndra sig och jag, tillsammans med \u00e4garna, f\u00f6rs\u00f6kte g\u00f6ra allt i v\u00e5r makt f\u00f6r att \u00f6vertala honom att stanna h\u00e4r. Men vi k\u00e4nde att vi inte lyckades och aldrig kom n\u00e4rmare en l\u00f6sning. D\u00e5 startade vi processen att leta efter potentiella destinationer f\u00f6r honom, s\u00e4ger Canucks svenske general manager Patrik Allvin p\u00e5 en digital presstr\u00e4ff.<\/p>\n<p>D\u00e4rf\u00f6r gick Quinn Hughes till Minnesota Wild<\/p>\n<p>I spekulationer om Hughes framtid har han ofta kopplats ihop med <a href=\"https:\/\/hockeysverige.se\/klubb\/new-jersey-devils\" rel=\"nofollow noopener\" target=\"_blank\">New Jersey Devils<\/a>, d\u00e4r hans br\u00f6der <a href=\"https:\/\/hockeysverige.se\/spelare\/jack-hughes\" rel=\"nofollow noopener\" target=\"_blank\">Jack Hughes<\/a> och <a href=\"https:\/\/hockeysverige.se\/spelare\/luke-hughes\" rel=\"nofollow noopener\" target=\"_blank\">Luke Hughes<\/a> spelar. Men n\u00e4r trejden blev verkligen gick han allts\u00e5 i st\u00e4llet till Minnesota Wild, ett \u00f6verraskande val enligt m\u00e5nga. <\/p>\n<p>\u2013 Jag imponerades \u00f6ver hur snabbt som Bill Guerin (GM i Minnesota) jobbade. Hans f\u00f6rsta bud var v\u00e4ldigt bra, han visade att han verkligen menade allvar, s\u00e4ger Hughes agent Pat Brisson till <a href=\"https:\/\/www.nytimes.com\/athletic\/6886805\/2025\/12\/13\/quinn-hughes-trade-canucks-rumblings\/\" rel=\"nofollow noopener\" target=\"_blank\">The Athletic<\/a>. <\/p>\n<p>Enligt <a href=\"https:\/\/x.com\/PierreVLeBrun\/status\/1999899572269994497\" rel=\"nofollow\">insidern Pierre LeBrun<\/a> \u00e4r det flera klubbar som har haft samtal med Vancouver Canucks om Hughes den senaste tiden. Han uppger att New Jersey Devils, <a href=\"https:\/\/hockeysverige.se\/klubb\/new-york-rangers\" rel=\"nofollow noopener\" target=\"_blank\">New York Rangers<\/a> och <a href=\"https:\/\/hockeysverige.se\/klubb\/detroit-red-wings\" rel=\"nofollow noopener\" target=\"_blank\">Detroit Red Wings<\/a> var de fr\u00e4msta konkurrenterna till Minnesota om att byta till sig Hughes. \u00c4ven <a href=\"https:\/\/hockeysverige.se\/klubb\/carolina-hurricanes\" rel=\"nofollow noopener\" target=\"_blank\">Carolina Hurricanes<\/a> och <a href=\"https:\/\/hockeysverige.se\/klubb\/buffalo-sabres\" rel=\"nofollow noopener\" target=\"_blank\">Buffalo Sabres<\/a> ska ha haft konkreta samtal om Hughes medan <a href=\"https:\/\/hockeysverige.se\/klubb\/philadelphia-flyers\" rel=\"nofollow noopener\" target=\"_blank\">Philadelphia Flyers<\/a> ocks\u00e5 n\u00e4mns som ett av de intresserande lagen, men de kom aldrig s\u00e5 l\u00e5ngt i f\u00f6rhandlingarna. <\/p>\n<p>\u2013 Vi s\u00f6kte en klubb d\u00e4r Quinn skulle kunna ha en v\u00e4ldigt bra hockeyupplevelse och d\u00e4rifr\u00e5n kommer vi att utv\u00e4rdera om han ska f\u00f6rl\u00e4nga d\u00e4r eller inte. Men jag kunde inte garantera till n\u00e5got lag att han kommer att skriva p\u00e5 eller inte, s\u00e4ger Pat Brisson. <\/p>\n<p>Quinn Hughes vann Norris Trophy som NHL:s b\u00e4sta back 2024 och var en av finalisterna till priset \u00e4ven f\u00f6rra s\u00e4songen. I sin NHL-karri\u00e4r har han gjort hela 432 po\u00e4ng p\u00e5 459 matcher. <\/p>\n<p> Source: <a href=\"https:\/\/www.eliteprospects.com\/player\/201671\/quinn-hughes\" target=\"_blank\" rel=\"noopener noreferrer nofollow\">Quinn Hughes<\/a> @ Elite Prospects<\/p>\n","protected":false},"excerpt":{"rendered":"Det var en \u201dblockbuster\u201d n\u00e4r Quinn Hughes trejdades till Minnesota Wild. Men trejden har varit p\u00e5 g\u00e5ng l\u00e4nge&hellip;\n","protected":false},"author":2,"featured_media":105823,"comment_status":"","ping_status":"","sticky":false,"template":"","format":"standard","meta":{"footnotes":""},"categories":[68],"tags":[247,34,133,111,110,31,33,32,30],"class_list":{"0":"post-105822","1":"post","2":"type-post","3":"status-publish","4":"format-standard","5":"has-post-thumbnail","7":"category-sport","8":"tag-nhl","9":"tag-se","10":"tag-second-news","11":"tag-sport","12":"tag-sports","13":"tag-svenska","14":"tag-sverige","15":"tag-sweden","16":"tag-swedish"},"share_on_mastodon":{"url":"https:\/\/pubeurope.com\/@se\/115719041623122934","error":""},"_links":{"self":[{"href":"https:\/\/www.europesays.com\/se\/wp-json\/wp\/v2\/posts\/105822","targetHints":{"allow":["GET"]}}],"collection":[{"href":"https:\/\/www.europesays.com\/se\/wp-json\/wp\/v2\/posts"}],"about":[{"href":"https:\/\/www.europesays.com\/se\/wp-json\/wp\/v2\/types\/post"}],"author":[{"embeddable":true,"href":"https:\/\/www.europesays.com\/se\/wp-json\/wp\/v2\/users\/2"}],"replies":[{"embeddable":true,"href":"https:\/\/www.europesays.com\/se\/wp-json\/wp\/v2\/comments?post=105822"}],"version-history":[{"count":0,"href":"https:\/\/www.europesays.com\/se\/wp-json\/wp\/v2\/posts\/105822\/revisions"}],"wp:featuredmedia":[{"embeddable":true,"href":"https:\/\/www.europesays.com\/se\/wp-json\/wp\/v2\/media\/105823"}],"wp:attachment":[{"href":"https:\/\/www.europesays.com\/se\/wp-json\/wp\/v2\/media?parent=105822"}],"wp:term":[{"taxonomy":"category","embeddable":true,"href":"https:\/\/www.europesays.com\/se\/wp-json\/wp\/v2\/categories?post=105822"},{"taxonomy":"post_tag","embeddable":true,"href":"https:\/\/www.europesays.com\/se\/wp-json\/wp\/v2\/tags?post=105822"}],"curies":[{"name":"wp","href":"https:\/\/api.w.org\/{rel}","templated":true}]}}