{"id":105828,"date":"2025-12-14T17:19:13","date_gmt":"2025-12-14T17:19:13","guid":{"rendered":"https:\/\/www.europesays.com\/se\/105828\/"},"modified":"2025-12-14T17:19:13","modified_gmt":"2025-12-14T17:19:13","slug":"ingvar-87-drabbades-av-sepsis-flyttades-tre-ganger-pa-fyra-dagar-norra-skane","status":"publish","type":"post","link":"https:\/\/www.europesays.com\/se\/105828\/","title":{"rendered":"Ingvar, 87, drabbades av sepsis \u2013 flyttades tre g\u00e5nger p\u00e5 fyra dagar \u2013 Norra Sk\u00e5ne"},"content":{"rendered":"<p>87-\u00e5rige Ingvar Nilsson, hemmah\u00f6rande i Tyringe, fick \u00e5ka in akut till sjukhuset i Ystad \u2013 han hade drabbats av sepsis.<\/p>\n<p>Sedan v\u00e4ntade en flyttkarusell: Fr\u00e5n Ystad, till H\u00e4ssleholm, och sedan till Simrishamn inom loppet av fyra dagar.<\/p>\n<p>\u2013 Han tycker att det k\u00e4nns som att han \u00e4r pestsmittad. Ingen vill ha honom, s\u00e4ger hans dotter Cia Larsson. <\/p>\n<p>Ingvar Nilsson, 87, var en kv\u00e4ll i november p\u00e5 bes\u00f6k i Ystad. Under natten beh\u00f6vde han akut \u00e5ka ambulans till Ystads lasarett. <\/p>\n<p>Tekniskt fel<\/p>\n<p class=\"message__text txt-ui txt-ui-2\">V\u00e4nligen f\u00f6rs\u00f6k igen senare.<\/p>\n<p>Den h\u00e4r artikeln \u00e4r bara f\u00f6r prenumeranter<\/p>\n<p class=\"txt-body txt-body-1\">Om du redan \u00e4r prenumerant: logga in!<\/p>\n","protected":false},"excerpt":{"rendered":"87-\u00e5rige Ingvar Nilsson, hemmah\u00f6rande i Tyringe, fick \u00e5ka in akut till sjukhuset i Ystad \u2013 han hade drabbats&hellip;\n","protected":false},"author":2,"featured_media":105829,"comment_status":"","ping_status":"","sticky":false,"template":"","format":"standard","meta":{"footnotes":""},"categories":[69],"tags":[113,112,34,31,33,32,30],"class_list":{"0":"post-105828","1":"post","2":"type-post","3":"status-publish","4":"format-standard","5":"has-post-thumbnail","7":"category-halsa","8":"tag-halsa","9":"tag-health","10":"tag-se","11":"tag-svenska","12":"tag-sverige","13":"tag-sweden","14":"tag-swedish"},"share_on_mastodon":{"url":"https:\/\/pubeurope.com\/@se\/115719068939233323","error":""},"_links":{"self":[{"href":"https:\/\/www.europesays.com\/se\/wp-json\/wp\/v2\/posts\/105828","targetHints":{"allow":["GET"]}}],"collection":[{"href":"https:\/\/www.europesays.com\/se\/wp-json\/wp\/v2\/posts"}],"about":[{"href":"https:\/\/www.europesays.com\/se\/wp-json\/wp\/v2\/types\/post"}],"author":[{"embeddable":true,"href":"https:\/\/www.europesays.com\/se\/wp-json\/wp\/v2\/users\/2"}],"replies":[{"embeddable":true,"href":"https:\/\/www.europesays.com\/se\/wp-json\/wp\/v2\/comments?post=105828"}],"version-history":[{"count":0,"href":"https:\/\/www.europesays.com\/se\/wp-json\/wp\/v2\/posts\/105828\/revisions"}],"wp:featuredmedia":[{"embeddable":true,"href":"https:\/\/www.europesays.com\/se\/wp-json\/wp\/v2\/media\/105829"}],"wp:attachment":[{"href":"https:\/\/www.europesays.com\/se\/wp-json\/wp\/v2\/media?parent=105828"}],"wp:term":[{"taxonomy":"category","embeddable":true,"href":"https:\/\/www.europesays.com\/se\/wp-json\/wp\/v2\/categories?post=105828"},{"taxonomy":"post_tag","embeddable":true,"href":"https:\/\/www.europesays.com\/se\/wp-json\/wp\/v2\/tags?post=105828"}],"curies":[{"name":"wp","href":"https:\/\/api.w.org\/{rel}","templated":true}]}}