{"id":105837,"date":"2025-12-14T17:34:09","date_gmt":"2025-12-14T17:34:09","guid":{"rendered":"https:\/\/www.europesays.com\/se\/105837\/"},"modified":"2025-12-14T17:34:09","modified_gmt":"2025-12-14T17:34:09","slug":"forsta-ligamalen-for-rolfo-raddade-poang-vasterbottens-kuriren","status":"publish","type":"post","link":"https:\/\/www.europesays.com\/se\/105837\/","title":{"rendered":"F\u00f6rsta ligam\u00e5len f\u00f6r Rolf\u00f6 \u2013 r\u00e4ddade po\u00e4ng &#8211; V\u00e4sterbottens-Kuriren"},"content":{"rendered":"<ol>\n<li><a href=\"https:\/\/news.google.com\/rss\/articles\/CBMigAFBVV95cUxQSEdDSHNHeHF1dHN0TTk1blpGX3htZHI5dmctMllPRXhlUGtKRUlnS3FWOW9BYVJOU2tvMERLZUdJYnZxQmw0emloSkhGMW1qclAtQ3JZQjFpMkc2NkhjdmFHRjR1MzVDQ201T0phdUhTN0k4TGQzSDJENEw1V2JfTw?oc=5\" target=\"_blank\" rel=\"nofollow noopener\">F\u00f6rsta ligam\u00e5len f\u00f6r Rolf\u00f6 \u2013 r\u00e4ddade po\u00e4ng<\/a>&nbsp;&nbsp;V\u00e4sterbottens-Kuriren<\/li>\n<li><a href=\"https:\/\/news.google.com\/rss\/articles\/CBMikwFBVV95cUxPZVlaMWlIOGdxUXVHcUp6YUdxbUtYQ19HX2Q5VFVVR0dWS09jemNBT0g2ZlRWRU5fOFdqRjIyRS04TjhwZFNqMjU3dm9FdXR1bFhXaVEtY2w4dGZKTV9MLWxEQjFKMzkweV9iVU1DQkpZaTBSS0VWbnlUc2FBZlhiQVR1cEN0bnFVeUFjbWhEX1N5WXM?oc=5\" target=\"_blank\" rel=\"nofollow noopener\">Fridolina Rolf\u00f6 bakom galna upph\u00e4mtningen f\u00f6r Manchester United<\/a>&nbsp;&nbsp;Aftonbladet<\/li>\n<li><a href=\"https:\/\/news.google.com\/rss\/articles\/CBMiqgFBVV95cUxPekZUQi1sQ1BvaVE3QnUyQzkyTExsWS1haFhRZHN5TVU0cDAzbWdOeEJhY1RtOXZNSnNhYXhwcE1IRm9aQ0E2cjJVZTZoSmlLYkdRaVlPcWZpVWMtTkpUOXhzaTBTUXZvVXU2bV92ek53OXRjVklxNG1sRzg2Q1RFNk0xb3hTU29jaUhMYWZPN1FaWGkxUUptblk1Y2lBLWpNWVV4RFdyWDUtUQ?oc=5\" target=\"_blank\" rel=\"nofollow noopener\">Fotboll: Fridolina Rolf\u00f6 r\u00e4ddar po\u00e4ng f\u00f6r Manchester United \u2013 tv\u00e5 m\u00e5l p\u00e5 tio minuter<\/a>&nbsp;&nbsp;SVT Nyheter<\/li>\n<li><a href=\"https:\/\/news.google.com\/rss\/articles\/CBMinwFBVV95cUxNd2FOTWI3RXhkRzhvX25tc3lTbkJhU3c2Q2JkenQxM3lfcm5UMjJMN0paQ0R3cHJIcmxMYUI2MU1qNWIzd1I2OXJqaVAwNXRCcFU3anRycTczZEJqOWNaQmZSWWlDVnV4MU5ZaGN0Q2VUb1hXYXhVaDFObjctS210aFc3eUFIeUVsN3ZLWm1JOXdfTnRHTVdCUDdGbjk2OHc?oc=5\" target=\"_blank\" rel=\"nofollow noopener\">Dr\u00f6minhoppet: Gjorde tv\u00e5 m\u00e5l<\/a>&nbsp;&nbsp;Expressen<\/li>\n<li><a href=\"https:\/\/news.google.com\/rss\/articles\/CBMikgFBVV95cUxOZHY0QzdqemlCeGx6SXRYb0s5MFpYSThncEd0ZDh1ZU1aN1NJdkI3MEtxaG9QV1l0Y2gzajBSY3lyVW5lQlR5WmVpUTVOXzY1OU0zZXQ0bGM5THpqQXY1SGtzN2hJLWczOXIwRW1GT0JaMzcxMFFfS1d4bHhmbDRkZHIxcG0ySDI5MkpZYlZlN1VoUQ?oc=5\" target=\"_blank\" rel=\"nofollow noopener\">Fridolina Rolf\u00f6 tv\u00e5m\u00e5lsskytt<\/a>&nbsp;&nbsp;Fotbollskanalen<\/li>\n<\/ol>\n","protected":false},"excerpt":{"rendered":"F\u00f6rsta ligam\u00e5len f\u00f6r Rolf\u00f6 \u2013 r\u00e4ddade po\u00e4ng&nbsp;&nbsp;V\u00e4sterbottens-Kuriren Fridolina Rolf\u00f6 bakom galna upph\u00e4mtningen f\u00f6r Manchester United&nbsp;&nbsp;Aftonbladet Fotboll: Fridolina Rolf\u00f6&hellip;\n","protected":false},"author":2,"featured_media":105838,"comment_status":"","ping_status":"","sticky":false,"template":"","format":"standard","meta":{"footnotes":""},"categories":[5],"tags":[22,23,26,27,17,21,24,25,28,29,15,16,18,34,31,33,32,30,19,20],"class_list":{"0":"post-105837","1":"post","2":"type-post","3":"status-publish","4":"format-standard","5":"has-post-thumbnail","7":"category-rubriker","8":"tag-breaking-news","9":"tag-breakingnews","10":"tag-featured-news","11":"tag-featurednews","12":"tag-headlines","13":"tag-huvudnyheter","14":"tag-latest-news","15":"tag-latestnews","16":"tag-main-news","17":"tag-mainnews","18":"tag-news","19":"tag-nyheter","20":"tag-rubriker","21":"tag-se","22":"tag-svenska","23":"tag-sverige","24":"tag-sweden","25":"tag-swedish","26":"tag-top-stories","27":"tag-topstories"},"share_on_mastodon":{"url":"https:\/\/pubeurope.com\/@se\/115719127873559067","error":""},"_links":{"self":[{"href":"https:\/\/www.europesays.com\/se\/wp-json\/wp\/v2\/posts\/105837","targetHints":{"allow":["GET"]}}],"collection":[{"href":"https:\/\/www.europesays.com\/se\/wp-json\/wp\/v2\/posts"}],"about":[{"href":"https:\/\/www.europesays.com\/se\/wp-json\/wp\/v2\/types\/post"}],"author":[{"embeddable":true,"href":"https:\/\/www.europesays.com\/se\/wp-json\/wp\/v2\/users\/2"}],"replies":[{"embeddable":true,"href":"https:\/\/www.europesays.com\/se\/wp-json\/wp\/v2\/comments?post=105837"}],"version-history":[{"count":0,"href":"https:\/\/www.europesays.com\/se\/wp-json\/wp\/v2\/posts\/105837\/revisions"}],"wp:featuredmedia":[{"embeddable":true,"href":"https:\/\/www.europesays.com\/se\/wp-json\/wp\/v2\/media\/105838"}],"wp:attachment":[{"href":"https:\/\/www.europesays.com\/se\/wp-json\/wp\/v2\/media?parent=105837"}],"wp:term":[{"taxonomy":"category","embeddable":true,"href":"https:\/\/www.europesays.com\/se\/wp-json\/wp\/v2\/categories?post=105837"},{"taxonomy":"post_tag","embeddable":true,"href":"https:\/\/www.europesays.com\/se\/wp-json\/wp\/v2\/tags?post=105837"}],"curies":[{"name":"wp","href":"https:\/\/api.w.org\/{rel}","templated":true}]}}