{"id":105843,"date":"2025-12-14T17:49:07","date_gmt":"2025-12-14T17:49:07","guid":{"rendered":"https:\/\/www.europesays.com\/se\/105843\/"},"modified":"2025-12-14T17:49:07","modified_gmt":"2025-12-14T17:49:07","slug":"larmet-moskeer-i-sverigemer-radikala-an-i-syrien-sofie-lowenmark","status":"publish","type":"post","link":"https:\/\/www.europesays.com\/se\/105843\/","title":{"rendered":"Larmet: Mosk\u00e9er i Sverige\nmer radikala \u00e4n i Syrien | Sofie L\u00f6wenmark"},"content":{"rendered":"<p>Sofie L\u00f6wenmark<\/p>\n<p>Publicerad 14 dec 2025 kl 18.00Uppdaterad kl 18.07<\/p>\n<p>G\u00f6teborgsimamen ler p\u00e5 bilden \u2013 och avsl\u00f6jar samtidigt ett st\u00f6rre problem.<\/p>\n<p><img   alt=\"\"\/><\/p>\n<p>En imam i G\u00f6teborgs mosk\u00e9 har hyllat den extreme predikanten Tareq Al-Suwaidan.<\/p>\n<p>Foto: Hanna Brunl\u00f6f WindellTT \/ TT NYHETSBYR\u00c5N<\/p>\n<p>\u00d6ppna bild i helsk\u00e4rm<img loading=\"lazy\"   alt=\"\"\/><\/p>\n<p>Den kuwaitiske predikanten Tareq Al-Suwaidan kopplas till Muslimska br\u00f6draskapet.<\/p>\n<p>Foto: Sk\u00e4rmdump\/Youtube<\/p>\n<p>\u00d6ppna bild i helsk\u00e4rm<img   alt=\"\"\/>Sofie L\u00f6wenmark<\/p>\n<p>En imam vid G\u00f6teborgs mosk\u00e9 lade nyligen ut en bild p\u00e5 sociala medier d\u00e4r han poserar tillsammans med den \u00f6k\u00e4nde kuwaitiske predikanten Tareq Al-Suwaidan. Samma dag kom <a href=\"https:\/\/www.middleeasteye.net\/news\/kuwait-strips-citizenship-influential-islamic-scholar\" rel=\"nofollow noopener\" target=\"_blank\">beskedet<\/a> att <a href=\"https:\/\/www.expressen.se\/tagg\/location\/kuwait\/\" class=\"\" rel=\"nofollow noopener\" target=\"_blank\">Kuwait<\/a> beslutat att \u00e5terkalla Al-Suwaidans medborgarskap.<\/p>\n<p><strong>Det r\u00e5der ingen brist p\u00e5 kritik mot Tareq Al-Suwaidan, som beskrivits som Muslimska br\u00f6draskapets ledande gestalt i Kuwait. Hans uppviglande tal om jihad och m\u00e5nga antisemitiska uttalanden har gjort honom \u00f6k\u00e4nd i b\u00e5de Mellan\u00f6stern och i v\u00e4st.<\/strong><\/p>\n<p>Al-Suwaidan \u00e4r <a href=\"https:\/\/www.bnaibrith.ca\/charity-must-come-clean-about-antisemitic-leadership-speaker\/\" rel=\"nofollow noopener\" target=\"_blank\">f\u00f6rfattare<\/a> till den grovt antisemitiska \u201dThe Jews &#8211; The Illustrated Encyclopedia\u201d. D\u00e4r beskrivs judar som den muslimska nationens fiender. Boken inneh\u00e5ller allt fr\u00e5n klassisk judehatpropaganda till f\u00f6rnekelse av F\u00f6rintelsen. Han har tidigare avskedats fr\u00e5n en popul\u00e4r tv-show efter att han medgett sin roll i Muslimska br\u00f6draskapet. Hans b\u00f6cker \u00e4r f\u00f6rbjudna i Saudiarabien, d\u00e4r han dessutom sedan l\u00e4nge varit avst\u00e4ngd fr\u00e5n att utf\u00f6ra pilgrimsf\u00e4rden till Mecka. Han bodde n\u00e4stan 20 \u00e5r i USA, d\u00e4r han ocks\u00e5 \u00e4r universitetsutbildad. Numera har han inresef\u00f6rbud dit, liksom till flera andra l\u00e4nder.\u00a0<\/p>\n<p>Men n\u00e4r imamen vid G\u00f6teborgs mosk\u00e9 kommenterar den kuwaitiske predikanten v\u00e4ljer han allts\u00e5 att v\u00f6rdnadsfullt beskriva Al-Suwaidan som en man med stor symbolisk betydelse f\u00f6r den samtida muslimska v\u00e4rlden. Illustrerat av en bild d\u00e4r de leende sitter bredvid varandra.<\/p>\n<p><strong>S\u00e5h\u00e4r ser det tyv\u00e4rr ofta ut fr\u00e5n svenska mosk\u00e9f\u00f6retr\u00e4dare.\u00a0<\/strong><\/p>\n<p>H\u00e4r i G\u00f6teborg fick jag nyligen upp \u00f6gonen f\u00f6r en mindre mosk\u00e9 som beskriver sin inriktning som salafistisk. F\u00f6rutom fredagspredikan har man koranskola f\u00f6r barn flera dagar i veckan. N\u00e4r jag tittar n\u00e4rmare p\u00e5 en av imamerna d\u00e4r ser jag att han sprider grov antisemitism i sina sociala medier.\u00a0<\/p>\n<blockquote><p>De kommer fr\u00e5n flera olika l\u00e4nder, men har gemensamt uttryckt samma \u00e5sikt: Att mosk\u00e9erna h\u00e4r \u00e4r alldeles f\u00f6r radikala.<\/p><\/blockquote>\n<p>Efter n\u00e5gra telefonsamtal f\u00e5r jag veta att det kommunala bostadsbolaget hyrt ut lokalen i tron att det r\u00f6rde sig om en f\u00f6rening som sysslar med ungdomsidrott.<\/p>\n<p>Det \u00e4r \u00e5 ena sidan sant att m\u00e5nga muslimer som kommit till Sverige \u00e4r djupt religi\u00f6sa och g\u00e4rna vill l\u00e5ta religionen styra s\u00e5 mycket som m\u00f6jligt i sin vardag. Men det \u00e4r ocks\u00e5 sant att m\u00e5nga muslimer i Sverige \u00e4r skr\u00e4mda av den form av religionsut\u00f6vning som de m\u00f6ter h\u00e4r.<\/p>\n<p><strong>Jag har talat med flera personer som g\u00e5ng p\u00e5 g\u00e5ng understryker att de absolut \u00e4r troende muslimer, men som ocks\u00e5 s\u00e4ger att de inte vill praktisera sin tro i svenska mosk\u00e9er. De kommer fr\u00e5n olika l\u00e4nder, men har gemensamt uttryckt samma \u00e5sikt: Att mosk\u00e9erna h\u00e4r \u00e4r alldeles f\u00f6r radikala.\u00a0<\/strong><\/p>\n<p>En man med afrikanska r\u00f6tter g\u00e5r i Bellevuemosk\u00e9n. Han ber\u00e4ttar att han inte \u00e4r s\u00e4rskilt religi\u00f6s och att han tv\u00e4rtom k\u00e4nner sig r\u00e4dd f\u00f6r mosk\u00e9ns inflytande. Men f\u00f6r att undvika fr\u00e5gor om han inte syns d\u00e4r \u2013 och f\u00f6r att han sj\u00e4lv vill h\u00e5lla sig uppdaterad p\u00e5 vad s\u00e4gs \u2013 g\u00e5r han \u00e4nd\u00e5 dit. Varje g\u00e5ng vi talats vid har han l\u00e5tit mer bekymrad \u00e4n f\u00f6rra g\u00e5ngen.<\/p>\n<p>Annons<\/p>\n<p>Samtidigt \u00e4r fr\u00e5gan fortfarande minerad mark. Det \u00e4r betydligt enklare att kritisera Jimmy \u00c5kessons ordval n\u00e4r han sa att han vill riva antidemokratiska mosk\u00e9er \u00e4n att ta itu med den st\u00f6rre och mer komplicerade diskussionen: Vad kan vi egentligen g\u00f6ra?<\/p>\n<p><strong>Att fr\u00e5gan \u00e4r sv\u00e5r \u00e4r jag den f\u00f6rsta att medge. Men den m\u00e5ste \u00e4nd\u00e5 resas, n\u00e4r allt fler muslimer vittnar om att mosk\u00e9erna h\u00e4r k\u00e4nns fr\u00e4mmande och ibland till och med skr\u00e4mmande.<\/strong><\/p>\n<p>F\u00f6r i det ljuset framst\u00e5r det som desto mer anm\u00e4rkningsv\u00e4rt att imamen fr\u00e5n G\u00f6teborgs mosk\u00e9 kan posera helt ost\u00f6rt med den antisemitiske extremisten Tareq Al-Suwaidan.<\/p>\n<p>Sofie L\u00f6wenmark \u00e4r frist\u00e5ende kolumnist p\u00e5 Expressens ledarsida. L\u00e4s fler av hennes texter <a href=\"https:\/\/www.expressen.se\/av\/sofie-lowenmark\/\" rel=\"nofollow noopener\" target=\"_blank\">h\u00e4r<\/a>.<\/p>\n<p><strong>L\u00c4S MER: <\/strong><a href=\"https:\/\/www.expressen.se\/ledare\/sofie-lowenmark\/salafisterna-vill-bygga--en-moske-i-manaden\/\" class=\"\" rel=\"nofollow noopener\" target=\"_blank\">Salafisterna vill bygga  en mosk\u00e9 \u2013 i m\u00e5naden<\/a><\/p>\n","protected":false},"excerpt":{"rendered":"Sofie L\u00f6wenmark Publicerad 14 dec 2025 kl 18.00Uppdaterad kl 18.07 G\u00f6teborgsimamen ler p\u00e5 bilden \u2013 och avsl\u00f6jar samtidigt&hellip;\n","protected":false},"author":2,"featured_media":105844,"comment_status":"","ping_status":"","sticky":false,"template":"","format":"standard","meta":{"footnotes":""},"categories":[12],"tags":[22,23,26,27,17,21,24,25,239,11850,3724,212,3234,28,29,15,16,11851,18,34,149,31,33,32,30,19,151,20],"class_list":{"0":"post-105843","1":"post","2":"type-post","3":"status-publish","4":"format-standard","5":"has-post-thumbnail","7":"category-sverige","8":"tag-breaking-news","9":"tag-breakingnews","10":"tag-featured-news","11":"tag-featurednews","12":"tag-headlines","13":"tag-huvudnyheter","14":"tag-latest-news","15":"tag-latestnews","16":"tag-location-goteborg","17":"tag-location-kuwait","18":"tag-location-saudiarabien","19":"tag-location-sverige","20":"tag-location-syrien","21":"tag-main-news","22":"tag-mainnews","23":"tag-news","24":"tag-nyheter","25":"tag-organization-muslimska-brodraskapet","26":"tag-rubriker","27":"tag-se","28":"tag-sections-sofielowenmark","29":"tag-svenska","30":"tag-sverige","31":"tag-sweden","32":"tag-swedish","33":"tag-top-stories","34":"tag-topic-religion","35":"tag-topstories"},"share_on_mastodon":{"url":"https:\/\/pubeurope.com\/@se\/115719186970894573","error":""},"_links":{"self":[{"href":"https:\/\/www.europesays.com\/se\/wp-json\/wp\/v2\/posts\/105843","targetHints":{"allow":["GET"]}}],"collection":[{"href":"https:\/\/www.europesays.com\/se\/wp-json\/wp\/v2\/posts"}],"about":[{"href":"https:\/\/www.europesays.com\/se\/wp-json\/wp\/v2\/types\/post"}],"author":[{"embeddable":true,"href":"https:\/\/www.europesays.com\/se\/wp-json\/wp\/v2\/users\/2"}],"replies":[{"embeddable":true,"href":"https:\/\/www.europesays.com\/se\/wp-json\/wp\/v2\/comments?post=105843"}],"version-history":[{"count":0,"href":"https:\/\/www.europesays.com\/se\/wp-json\/wp\/v2\/posts\/105843\/revisions"}],"wp:featuredmedia":[{"embeddable":true,"href":"https:\/\/www.europesays.com\/se\/wp-json\/wp\/v2\/media\/105844"}],"wp:attachment":[{"href":"https:\/\/www.europesays.com\/se\/wp-json\/wp\/v2\/media?parent=105843"}],"wp:term":[{"taxonomy":"category","embeddable":true,"href":"https:\/\/www.europesays.com\/se\/wp-json\/wp\/v2\/categories?post=105843"},{"taxonomy":"post_tag","embeddable":true,"href":"https:\/\/www.europesays.com\/se\/wp-json\/wp\/v2\/tags?post=105843"}],"curies":[{"name":"wp","href":"https:\/\/api.w.org\/{rel}","templated":true}]}}