{"id":105847,"date":"2025-12-14T17:57:07","date_gmt":"2025-12-14T17:57:07","guid":{"rendered":"https:\/\/www.europesays.com\/se\/105847\/"},"modified":"2025-12-14T17:57:07","modified_gmt":"2025-12-14T17:57:07","slug":"just-nu-trafikverket-gar-ut-med-trafikvarning-vasterbottens-kuriren","status":"publish","type":"post","link":"https:\/\/www.europesays.com\/se\/105847\/","title":{"rendered":"Just nu: Trafikverket g\u00e5r ut med trafikvarning &#8211; V\u00e4sterbottens-Kuriren"},"content":{"rendered":"<ol>\n<li><a href=\"https:\/\/news.google.com\/rss\/articles\/CBMingFBVV95cUxNUTFrc3IxSHYyRXc4NTYzQVBjUk5ManFpejNzUVA0cm1yMmFSSW9fQ2JJX2dCSWt4WnZqQ2tNQzJld1dIS01QN09HSnBsYjR6X0V0dExwZzMxUXFTVUtLbDRtZnZHWnZWZWJhNFV6TG56a0NSTnRTbm12cW1HSUJJS3lUVUh3ZDkzcF9MN3FOandQT3RaU25zc0lyek9BZw?oc=5\" target=\"_blank\" rel=\"nofollow noopener\">Just nu: Trafikverket g\u00e5r ut med trafikvarning<\/a>&nbsp;&nbsp;V\u00e4sterbottens-Kuriren<\/li>\n<li><a href=\"https:\/\/news.google.com\/rss\/articles\/CBMiogFBVV95cUxQQXhQZVAyZngwcTdnS0hmaG40X2llVG5Rc3NFWFltckxWVHZUNjBqRTFSYVdSZGJDY3pkZHdMX21VQnFpVkFRTm1BWlM0emRtYlFHaFhzVTdQR0tfR3d1ZHByckcyMjdSaU8wQTE4STgyZ1V6ZkJwZ2FUdjZLSEFuRVlkVW5IUElzeFZkQ0tmWUpZWExDenZnenhYVjFudWZLemc?oc=5\" target=\"_blank\" rel=\"nofollow noopener\">SMHI varnar f\u00f6r pl\u00f6tslig ishalka i delar av Norrland<\/a>&nbsp;&nbsp;SVT Nyheter<\/li>\n<li><a href=\"https:\/\/news.google.com\/rss\/articles\/CBMijwFBVV95cUxQTFA0QU1iZW80Unh0V3JzbDhEYkF2SmhWZHJMTFhTWTZFdUxCMjZuY1o4SV9tcEphb0VGNC15aFk4TnJnMlFrOEpCdXFRaWtCNXlEQUVLU3d5dWJGMGhQc3ZaU3B6Vm1MYnpPTVFZR2FoTkxTa2RRbkNOMHVULVBleEt6V2RYZkZqWmstWmlMWQ?oc=5\" target=\"_blank\" rel=\"nofollow noopener\">I kv\u00e4ll: Ny varning l\u00e4ngs l\u00e4nskusten<\/a>&nbsp;&nbsp;V\u00e4sterbottens-Kuriren<\/li>\n<li><a href=\"https:\/\/news.google.com\/rss\/articles\/CBMigAFBVV95cUxNYW1wdHEwa3pMaGRzeUdKRjVJSUwzSGxULWxqN3lKY05PTW84cjdBMTNLTkNsQ1BmMDU2YU44TUtOR3VXNlVvWkZCaDBWOUcyc3FPSG5WamQ0YVZKOVJQeWpHYzVWdlZQZndGNkU1Smd2UHRmZWNHWkItWkJtd1k0RQ?oc=5\" target=\"_blank\" rel=\"nofollow noopener\">Varningar f\u00f6r ishalka under s\u00f6ndagen<\/a>&nbsp;&nbsp;\u00d6stersunds-Posten<\/li>\n<li><a href=\"https:\/\/news.google.com\/rss\/articles\/CBMiigFBVV95cUxNS0RmWEt4MHRNSWlMZkRVc1kyMGNoR3dWVVpnTk03UTR2ZHJFVTFlNG9seUZtZjZJTWJjdEk4a3NoeW9TWnpFT05LQS1VZGZJQlhhWHMzbEFhUVhHVXpfMHdTVEVmNzFyLXo1U3hOQ0xKbG9DRnlISzd1Mi01eE5MdjVyeVRtZ00wNUE?oc=5\" target=\"_blank\" rel=\"nofollow noopener\">SMHI:s dubbelvarning \u2013 ishalka och sn\u00f6fall<\/a>&nbsp;&nbsp;Expressen<\/li>\n<\/ol>\n","protected":false},"excerpt":{"rendered":"Just nu: Trafikverket g\u00e5r ut med trafikvarning&nbsp;&nbsp;V\u00e4sterbottens-Kuriren SMHI varnar f\u00f6r pl\u00f6tslig ishalka i delar av Norrland&nbsp;&nbsp;SVT Nyheter I&hellip;\n","protected":false},"author":2,"featured_media":105848,"comment_status":"","ping_status":"","sticky":false,"template":"","format":"standard","meta":{"footnotes":""},"categories":[12],"tags":[22,23,26,27,17,21,24,25,28,29,15,16,18,34,31,33,32,30,19,20],"class_list":{"0":"post-105847","1":"post","2":"type-post","3":"status-publish","4":"format-standard","5":"has-post-thumbnail","7":"category-sverige","8":"tag-breaking-news","9":"tag-breakingnews","10":"tag-featured-news","11":"tag-featurednews","12":"tag-headlines","13":"tag-huvudnyheter","14":"tag-latest-news","15":"tag-latestnews","16":"tag-main-news","17":"tag-mainnews","18":"tag-news","19":"tag-nyheter","20":"tag-rubriker","21":"tag-se","22":"tag-svenska","23":"tag-sverige","24":"tag-sweden","25":"tag-swedish","26":"tag-top-stories","27":"tag-topstories"},"share_on_mastodon":{"url":"https:\/\/pubeurope.com\/@se\/115719218372577919","error":""},"_links":{"self":[{"href":"https:\/\/www.europesays.com\/se\/wp-json\/wp\/v2\/posts\/105847","targetHints":{"allow":["GET"]}}],"collection":[{"href":"https:\/\/www.europesays.com\/se\/wp-json\/wp\/v2\/posts"}],"about":[{"href":"https:\/\/www.europesays.com\/se\/wp-json\/wp\/v2\/types\/post"}],"author":[{"embeddable":true,"href":"https:\/\/www.europesays.com\/se\/wp-json\/wp\/v2\/users\/2"}],"replies":[{"embeddable":true,"href":"https:\/\/www.europesays.com\/se\/wp-json\/wp\/v2\/comments?post=105847"}],"version-history":[{"count":0,"href":"https:\/\/www.europesays.com\/se\/wp-json\/wp\/v2\/posts\/105847\/revisions"}],"wp:featuredmedia":[{"embeddable":true,"href":"https:\/\/www.europesays.com\/se\/wp-json\/wp\/v2\/media\/105848"}],"wp:attachment":[{"href":"https:\/\/www.europesays.com\/se\/wp-json\/wp\/v2\/media?parent=105847"}],"wp:term":[{"taxonomy":"category","embeddable":true,"href":"https:\/\/www.europesays.com\/se\/wp-json\/wp\/v2\/categories?post=105847"},{"taxonomy":"post_tag","embeddable":true,"href":"https:\/\/www.europesays.com\/se\/wp-json\/wp\/v2\/tags?post=105847"}],"curies":[{"name":"wp","href":"https:\/\/api.w.org\/{rel}","templated":true}]}}