{"id":105849,"date":"2025-12-14T18:05:09","date_gmt":"2025-12-14T18:05:09","guid":{"rendered":"https:\/\/www.europesays.com\/se\/105849\/"},"modified":"2025-12-14T18:05:09","modified_gmt":"2025-12-14T18:05:09","slug":"dn-direkt-misstankt-mord-i-tierp","status":"publish","type":"post","link":"https:\/\/www.europesays.com\/se\/105849\/","title":{"rendered":"DN Direkt \u2013 Misst\u00e4nkt mord i Tierp"},"content":{"rendered":"<p>En man i 20-\u00e5rs\u00e5ldern har avlidit efter en krock i Helsingborg tidigt p\u00e5 s\u00f6ndagsmorgonen, skriver polisen p\u00e5 sin hemsida.<\/p>\n<p>Ytterligare en person v\u00e5rdas p\u00e5 sjukhus med livshotande skador.<\/p>\n<p>Totalt f\u00e4rdades fem unga personer i bilen. \u00c4ven de \u00f6vriga tre skadades, varav en allvarligt, skriver Region Sk\u00e5ne i sin rapport.<\/p>\n<p>\u2013 Det \u00e4r en personbil som i h\u00f6g hastighet kolliderat med ett tr\u00e4d eller en stolpe, s\u00e4ger Jimmy Olsson, vakthavande bef\u00e4l vid r\u00e4ddningstj\u00e4nsten, till Helsingborgs Dagblad.<\/p>\n<p>Larmet kom vid 05.30 p\u00e5 s\u00f6ndagsmorgonen. Samtliga i bilen f\u00f6rdes till sjukhus och p\u00e5 f\u00f6rmiddagen meddelades att en av dem avlidit. Alla inblandade \u00e4r unga m\u00e4n.<\/p>\n<p>Den som misst\u00e4nks varit f\u00f6rare av bilen \u00e4r gripen, misst\u00e4nkt f\u00f6r v\u00e5llande till annans d\u00f6d, v\u00e5llande till kroppsskada och grov v\u00e5rdsl\u00f6shet i trafik, skriver polisen p\u00e5 sin hemsida.<\/p>\n","protected":false},"excerpt":{"rendered":"En man i 20-\u00e5rs\u00e5ldern har avlidit efter en krock i Helsingborg tidigt p\u00e5 s\u00f6ndagsmorgonen, skriver polisen p\u00e5 sin&hellip;\n","protected":false},"author":2,"featured_media":14013,"comment_status":"","ping_status":"","sticky":false,"template":"","format":"standard","meta":{"footnotes":""},"categories":[12],"tags":[22,23,26,27,17,21,24,25,28,29,15,16,18,34,31,33,32,30,19,20],"class_list":{"0":"post-105849","1":"post","2":"type-post","3":"status-publish","4":"format-standard","5":"has-post-thumbnail","7":"category-sverige","8":"tag-breaking-news","9":"tag-breakingnews","10":"tag-featured-news","11":"tag-featurednews","12":"tag-headlines","13":"tag-huvudnyheter","14":"tag-latest-news","15":"tag-latestnews","16":"tag-main-news","17":"tag-mainnews","18":"tag-news","19":"tag-nyheter","20":"tag-rubriker","21":"tag-se","22":"tag-svenska","23":"tag-sverige","24":"tag-sweden","25":"tag-swedish","26":"tag-top-stories","27":"tag-topstories"},"share_on_mastodon":{"url":"https:\/\/pubeurope.com\/@se\/115719249778581528","error":""},"_links":{"self":[{"href":"https:\/\/www.europesays.com\/se\/wp-json\/wp\/v2\/posts\/105849","targetHints":{"allow":["GET"]}}],"collection":[{"href":"https:\/\/www.europesays.com\/se\/wp-json\/wp\/v2\/posts"}],"about":[{"href":"https:\/\/www.europesays.com\/se\/wp-json\/wp\/v2\/types\/post"}],"author":[{"embeddable":true,"href":"https:\/\/www.europesays.com\/se\/wp-json\/wp\/v2\/users\/2"}],"replies":[{"embeddable":true,"href":"https:\/\/www.europesays.com\/se\/wp-json\/wp\/v2\/comments?post=105849"}],"version-history":[{"count":0,"href":"https:\/\/www.europesays.com\/se\/wp-json\/wp\/v2\/posts\/105849\/revisions"}],"wp:featuredmedia":[{"embeddable":true,"href":"https:\/\/www.europesays.com\/se\/wp-json\/wp\/v2\/media\/14013"}],"wp:attachment":[{"href":"https:\/\/www.europesays.com\/se\/wp-json\/wp\/v2\/media?parent=105849"}],"wp:term":[{"taxonomy":"category","embeddable":true,"href":"https:\/\/www.europesays.com\/se\/wp-json\/wp\/v2\/categories?post=105849"},{"taxonomy":"post_tag","embeddable":true,"href":"https:\/\/www.europesays.com\/se\/wp-json\/wp\/v2\/tags?post=105849"}],"curies":[{"name":"wp","href":"https:\/\/api.w.org\/{rel}","templated":true}]}}