{"id":10585,"date":"2025-08-21T19:48:12","date_gmt":"2025-08-21T19:48:12","guid":{"rendered":"https:\/\/www.europesays.com\/se\/10585\/"},"modified":"2025-08-21T19:48:12","modified_gmt":"2025-08-21T19:48:12","slug":"ekonomisk-kris-i-nybro-vikings-hockeyallsvenskan","status":"publish","type":"post","link":"https:\/\/www.europesays.com\/se\/10585\/","title":{"rendered":"Ekonomisk kris i Nybro Vikings | Hockeyallsvenskan"},"content":{"rendered":"<p>Publicerad 21 aug 2025 kl 12.06Uppdaterad kl 13.51<\/p>\n<p>Ekonomisk kris i Nybro Vikings.<\/p>\n<p>P\u00e5 sin hemsida larmar klubben om att man beh\u00f6ver f\u00e5 in tre miljoner kronor innan s\u00e4songen \u00e4r slut.<\/p>\n<p>\u2013\u00a0Vi klarar det aldrig utan att alla hj\u00e4lps \u00e5t, s\u00e4ger klubbdirekt\u00f6ren Anders Westring i ett <a href=\"https:\/\/www.nybrovikings.com\/article\/9huat1a-38k4d\/view\" rel=\"nofollow noopener\" target=\"_blank\">pressmeddelande<\/a>.\u00a0<\/p>\n<p><img   alt=\"\"\/><\/p>\n<p>Nybro har spelat i hockeyallsvenskan de senaste tv\u00e5 s\u00e4songerna.<\/p>\n<p>Foto: SUVAD MRKONJIC \/ BILDBYR\u00c5N<\/p>\n<p>\u00d6ppna bild i helsk\u00e4rm<\/p>\n<p><a href=\"https:\/\/www.expressen.se\/tagg\/organization\/nybro-vikings\/\" class=\"\" rel=\"nofollow noopener\" target=\"_blank\">Nybro Vikings<\/a> har spelat i hockeyallsvenskan de senaste tv\u00e5 s\u00e4songerna. Bara veckor innan den stundande seriepremi\u00e4r sl\u00e5r klubben larm om sin ekonomiska situation.<\/p>\n<p>P\u00e5 sin hemsida skriver Nybro Vikings att man beh\u00f6ver f\u00e5 in tre miljoner kronor fr\u00e5n nu fram till s\u00e4songen tar slut. Anledningen \u00e4r att man tappat 2,9 miljoner kronor i int\u00e4kter under f\u00f6rra s\u00e4songen.\u00a0<\/p>\n<p>\u2013 Nu har vi full koll p\u00e5 alla konton i bokf\u00f6ringen och det ekonomiska startl\u00e4get, vilket skapar f\u00f6ruts\u00e4ttningar f\u00f6r att bygga l\u00e5ngsiktigt med stabilitet och framtidstro, s\u00e4ger klubbordf\u00f6rande Magnus Krantz.<\/p>\n<p>Klubben beskriver situationen som allvarlig p\u00e5 kort och l\u00e5ng sikt.<\/p>\n<p>\u2013 En handlingsplan \u00e4r uppr\u00e4ttad, och vi arbetar redan med full kraft i f\u00f6reningen f\u00f6r att l\u00f6sa situationen. Men vi m\u00e5ste vara tydliga: vi klarar det aldrig utan att alla hj\u00e4lps \u00e5t. Kommunen, n\u00e4ringslivet och ni supportrar m\u00e5ste f\u00f6rst\u00e5 allvaret i situationen och att det kommer att ta tid att f\u00e5 detta att fungera p\u00e5 l\u00e5ng sikt, s\u00e4ger klubbdirekt\u00f6r Anders Westring.<\/p>\n","protected":false},"excerpt":{"rendered":"Publicerad 21 aug 2025 kl 12.06Uppdaterad kl 13.51 Ekonomisk kris i Nybro Vikings. P\u00e5 sin hemsida larmar klubben&hellip;\n","protected":false},"author":2,"featured_media":10586,"comment_status":"","ping_status":"","sticky":false,"template":"","format":"standard","meta":{"footnotes":""},"categories":[68],"tags":[1497,34,130,255,111,110,31,33,32,30],"class_list":{"0":"post-10585","1":"post","2":"type-post","3":"status-publish","4":"format-standard","5":"has-post-thumbnail","7":"category-sport","8":"tag-organization-nybro-vikings","9":"tag-se","10":"tag-sections-allsvenskan","11":"tag-sections-ishockey","12":"tag-sport","13":"tag-sports","14":"tag-svenska","15":"tag-sverige","16":"tag-sweden","17":"tag-swedish"},"share_on_mastodon":{"url":"","error":""},"_links":{"self":[{"href":"https:\/\/www.europesays.com\/se\/wp-json\/wp\/v2\/posts\/10585","targetHints":{"allow":["GET"]}}],"collection":[{"href":"https:\/\/www.europesays.com\/se\/wp-json\/wp\/v2\/posts"}],"about":[{"href":"https:\/\/www.europesays.com\/se\/wp-json\/wp\/v2\/types\/post"}],"author":[{"embeddable":true,"href":"https:\/\/www.europesays.com\/se\/wp-json\/wp\/v2\/users\/2"}],"replies":[{"embeddable":true,"href":"https:\/\/www.europesays.com\/se\/wp-json\/wp\/v2\/comments?post=10585"}],"version-history":[{"count":0,"href":"https:\/\/www.europesays.com\/se\/wp-json\/wp\/v2\/posts\/10585\/revisions"}],"wp:featuredmedia":[{"embeddable":true,"href":"https:\/\/www.europesays.com\/se\/wp-json\/wp\/v2\/media\/10586"}],"wp:attachment":[{"href":"https:\/\/www.europesays.com\/se\/wp-json\/wp\/v2\/media?parent=10585"}],"wp:term":[{"taxonomy":"category","embeddable":true,"href":"https:\/\/www.europesays.com\/se\/wp-json\/wp\/v2\/categories?post=10585"},{"taxonomy":"post_tag","embeddable":true,"href":"https:\/\/www.europesays.com\/se\/wp-json\/wp\/v2\/tags?post=10585"}],"curies":[{"name":"wp","href":"https:\/\/api.w.org\/{rel}","templated":true}]}}