{"id":105850,"date":"2025-12-14T18:07:07","date_gmt":"2025-12-14T18:07:07","guid":{"rendered":"https:\/\/www.europesays.com\/se\/105850\/"},"modified":"2025-12-14T18:07:07","modified_gmt":"2025-12-14T18:07:07","slug":"ny-typ-av-antibiotika-effektiv-mot-gonorre","status":"publish","type":"post","link":"https:\/\/www.europesays.com\/se\/105850\/","title":{"rendered":"Ny typ av antibiotika effektiv mot gonorr\u00e9"},"content":{"rendered":"<p>Den amerikanska l\u00e4kemedelsmyndigheten FDA har godk\u00e4nt en ny typ av antibiotika f\u00f6r att bek\u00e4mpa gonorr\u00e9, skriver CNN.<\/p>\n<p>Antibiotikan, som g\u00e5r under namnet zoliflodacin, ges i tablettform och har visat sig vara effektiv mot den sexuellt \u00f6verf\u00f6rbara sjukdomen.<\/p>\n<p>Gonorr\u00e9 har blivit allt sv\u00e5rare att behandla eftersom antibiotikaresistensen \u00f6kar. D\u00e4rf\u00f6r \u00e4r det gl\u00e4djande att forskarna lyckats hitta en ny variant som biter p\u00e5 sjukdomen, skriver CNN.<\/p>\n<p>Omni \u00e4r politiskt obundna och oberoende. Vi str\u00e4var efter att ge fler perspektiv p\u00e5 nyheterna. Har du fr\u00e5gor eller synpunkter kring v\u00e5r rapportering? <a href=\"https:\/\/omni.se\/ny-typ-av-antibiotika-effektiv-mot-gonorre\/a\/mailto:redaktion@omni.se\" class=\"ArticleActions_contactLink__W2F1M\" rel=\"nofollow noopener\" target=\"_blank\">Kontakta redaktionen<\/a><\/p>\n","protected":false},"excerpt":{"rendered":"Den amerikanska l\u00e4kemedelsmyndigheten FDA har godk\u00e4nt en ny typ av antibiotika f\u00f6r att bek\u00e4mpa gonorr\u00e9, skriver CNN. Antibiotikan,&hellip;\n","protected":false},"author":2,"featured_media":105851,"comment_status":"","ping_status":"","sticky":false,"template":"","format":"standard","meta":{"footnotes":""},"categories":[69],"tags":[332,113,112,268,34,31,33,32,30,74],"class_list":{"0":"post-105850","1":"post","2":"type-post","3":"status-publish","4":"format-standard","5":"has-post-thumbnail","7":"category-halsa","8":"tag-forskning-vetenskap","9":"tag-halsa","10":"tag-health","11":"tag-nordamerika","12":"tag-se","13":"tag-svenska","14":"tag-sverige","15":"tag-sweden","16":"tag-swedish","17":"tag-usa"},"share_on_mastodon":{"url":"https:\/\/pubeurope.com\/@se\/115719257643925255","error":""},"_links":{"self":[{"href":"https:\/\/www.europesays.com\/se\/wp-json\/wp\/v2\/posts\/105850","targetHints":{"allow":["GET"]}}],"collection":[{"href":"https:\/\/www.europesays.com\/se\/wp-json\/wp\/v2\/posts"}],"about":[{"href":"https:\/\/www.europesays.com\/se\/wp-json\/wp\/v2\/types\/post"}],"author":[{"embeddable":true,"href":"https:\/\/www.europesays.com\/se\/wp-json\/wp\/v2\/users\/2"}],"replies":[{"embeddable":true,"href":"https:\/\/www.europesays.com\/se\/wp-json\/wp\/v2\/comments?post=105850"}],"version-history":[{"count":0,"href":"https:\/\/www.europesays.com\/se\/wp-json\/wp\/v2\/posts\/105850\/revisions"}],"wp:featuredmedia":[{"embeddable":true,"href":"https:\/\/www.europesays.com\/se\/wp-json\/wp\/v2\/media\/105851"}],"wp:attachment":[{"href":"https:\/\/www.europesays.com\/se\/wp-json\/wp\/v2\/media?parent=105850"}],"wp:term":[{"taxonomy":"category","embeddable":true,"href":"https:\/\/www.europesays.com\/se\/wp-json\/wp\/v2\/categories?post=105850"},{"taxonomy":"post_tag","embeddable":true,"href":"https:\/\/www.europesays.com\/se\/wp-json\/wp\/v2\/tags?post=105850"}],"curies":[{"name":"wp","href":"https:\/\/api.w.org\/{rel}","templated":true}]}}