{"id":105854,"date":"2025-12-14T18:20:16","date_gmt":"2025-12-14T18:20:16","guid":{"rendered":"https:\/\/www.europesays.com\/se\/105854\/"},"modified":"2025-12-14T18:20:16","modified_gmt":"2025-12-14T18:20:16","slug":"nu-racker-det-fiaskot-i-ostrava-maste-bli-slutet-for-den-har-landslagsorganisationen","status":"publish","type":"post","link":"https:\/\/www.europesays.com\/se\/105854\/","title":{"rendered":"Nu r\u00e4cker det \u2013 fiaskot i Ostrava m\u00e5ste bli slutet f\u00f6r den h\u00e4r landslagsorganisationen"},"content":{"rendered":"<p><strong>KR\u00d6NIKA: Innebandymagazinets grundare Magnus Fredriksson om Sveriges semifinalutt\u00e5g i <a href=\"https:\/\/innebandymagazinet.se\/vm-dam\/\" rel=\"nofollow noopener\" target=\"_blank\">VM 2025<\/a>. <\/strong><\/p>\n<p>Landslagschefen Sofie Andersson och tillf\u00f6rordnade landslagschefen Julia Sidklev har kontaktats med anledning av den skarpa kritik som framf\u00f6rs i denna kr\u00f6nika. B\u00e5da \u00e4r f\u00f6r\u00e4ldralediga och h\u00e4nvisar till Joakim Lindstr\u00f6m, chef f\u00f6r idrottsutveckling p\u00e5 Svenska Innebandyf\u00f6rbundet. Han meddelar att f\u00f6rbundet avb\u00f6jer att kommentera personliga kr\u00f6nikor under p\u00e5g\u00e5ende m\u00e4sterskap.\u00a0<\/p>\n<p><a href=\"https:\/\/unihoc.com\/se\/sv\/page\/carbskin-black\" target=\"_blank\" rel=\"noreferrer noopener nofollow\">Promotion: Stj\u00e4rnornas favorit \u2013 h\u00e4r \u00e4r CARBSKIN BLACK EDITION fr\u00e5n UNIHOC<\/a><\/p>\n<p class=\"fs-8 fs-lg-7 text-white fw-bold mb-0 child-text-decoration-none child-text-inherit has-small-font-size\"><a href=\"https:\/\/unihoc.com\/se\/sv\" target=\"_blank\" rel=\"noreferrer noopener nofollow\">VM-BEVAKNINGEN SPONSRAS AV <img loading=\"lazy\" decoding=\"async\" width=\"768\" height=\"137\" class=\"wp-image-191150\" style=\"width: 120px\" src=\"https:\/\/www.europesays.com\/se\/wp-content\/uploads\/2025\/12\/UNIHOC-WHITE_ohne_Badge_nur_Text-768x137-1.png\" alt=\"\"  \/><\/a><\/p>\n<p><img loading=\"lazy\" decoding=\"async\" width=\"1400\" height=\"900\" src=\"https:\/\/www.europesays.com\/se\/wp-content\/uploads\/2025\/12\/54981636492_09c3991132_k.jpg\" alt=\"\" class=\"wp-image-193446\"  \/>Matchfoto: IFF\/Robert Long Wang<\/p>\n<p>Det har varit ett hemskt \u00e5r f\u00f6r svensk innebandy.<br \/>Ett \u00e5r pr\u00e4glat av oro, tveksamheter och en f\u00f6rbundsorganisation som allt oftare gett intryck av att vara mer upptagen av intern stabilitet \u00e4n av att utveckla sporten fullt ut.<\/p>\n<p>Allvarlig intern turbulens i styrelsen. Sponsorer som tvekar. Landslagsarrangemang med tomma l\u00e4ktare och minimalt genomslag.<br \/>Och till sist: ett svenskt damlandslag som blir fullst\u00e4ndigt \u00f6verk\u00f6rt av Schweiz i VM-semifinalen i Ostrava.<\/p>\n<p>Det h\u00e4r fiaskot kom inte som en blixt fr\u00e5n klar himmel.<br \/>Det har h\u00e4ngt i luften hela h\u00f6sten.<\/p>\n<p>VM-truppen var inte tillr\u00e4ckligt bra n\u00e4r den togs ut. Flera spelare har saknat form, tempo och pondus under h\u00f6sten \u2013 b\u00e5de i SSL och i landslagssammanhang. Det var uppenbart redan innan m\u00e4sterskapet, och matchen mot Schweiz blev det brutala kvittot.<\/p>\n<p>Sverige var uddl\u00f6st.<br \/>Sverige var passivt.<br \/>Sverige var s\u00e4mre i precis allt: f\u00f6rsvarsspel, anfallsspel, dueller, tempo, hunger.<\/p>\n<p>Det h\u00e4r var ingen otursmatch.<br \/>Det h\u00e4r var inte sm\u00e5 marginaler.<br \/>Det h\u00e4r var ett lag som inte var redo.<\/p>\n<p><strong>Kritik \u00e4r f\u00f6rbjudet \u2013 tills det sm\u00e4ller<\/strong><\/p>\n<p>I svensk fotboll \u00e4r kritik en sj\u00e4lvklar del av offentligheten.<br \/>Fredrik Reinfeldt fick stenh\u00e5rd kritik som ordf\u00f6rande i Svenska Fotbollf\u00f6rbundet \u2013 trots sitt CV som statsminister \u2013 och fick avg\u00e5.<br \/>Generalsekreteraren Andrea M\u00f6llerberg fick l\u00e4mna kort efter tilltr\u00e4de.<br \/>Och i dagarna petades Kim K\u00e4llstr\u00f6m fr\u00e5n sin topposition.<\/p>\n<p>Inom svensk innebandy \u00e4r det annorlunda.<br \/>H\u00e4r uppfattas kritik ofta som n\u00e5got personligt.<br \/>Som ett hot.<br \/>Som n\u00e5got illojalt.<\/p>\n<p>Men nu g\u00e5r det inte l\u00e4ngre att ducka f\u00f6r de h\u00e4r fr\u00e5gorna.<\/p>\n<p><strong>Det h\u00e4r m\u00e5ste vara slutet<\/strong><\/p>\n<p>Det h\u00e4r m\u00e5ste vara slutet f\u00f6r den svenska landslagsorganisationen som den ser ut i dag.<\/p>\n<p>Sofie Andersson beh\u00f6ver bytas ut som ansvarig f\u00f6r landslagsverksamheten. Punkt.<br \/>Inte av personliga sk\u00e4l \u2013 utan av organisatoriska.<\/p>\n<p>Hon och hennes ers\u00e4ttare under f\u00f6r\u00e4ldraledigheten, Julia Sidklev, har f\u00e5tt sina roller utan att det \u2013 sett utifr\u00e5n \u2013 \u00e4r sj\u00e4lvklart att erfarenhetsprofilen matchar uppdragets tyngd. Varken hon eller Andersson har varit ledare p\u00e5 elitniv\u00e5 i den omfattning som m\u00e5nga menar att en s\u00e5dan h\u00e4r roll kr\u00e4ver. Sofie kom fr\u00e5n en roll som bland annat psykolog till rollen som landslagschef p\u00e5 Svenska Innebandyf\u00f6rbundet. Och m\u00e4rkligt nog \u00e4r b\u00e5da tv\u00e5 f\u00f6r\u00e4ldralediga under VM, \u00e4ven ers\u00e4ttaren.<\/p>\n<p>Det har under l\u00e5ng tid funnits omfattande diskussioner i sporten om hur rekryteringar g\u00f6rs i landslagsorganisationen \u2013 och om transparens, kravbilder och tills\u00e4ttningsprocesser. Det g\u00e5r inte l\u00e4ngre att vifta bort.<\/p>\n<p>Och f\u00f6rbundskaptenen Linn Lundstr\u00f6m ska inte be om urs\u00e4kt f\u00f6r att hon tackade ja till jobbet.<\/p>\n<p>Jag har alltid gillat Linn, hon \u00e4r en cool person med hj\u00e4rtat p\u00e5 r\u00e4tt st\u00e4lle.<\/p>\n<p>Felet ligger inte d\u00e4r.<\/p>\n<p>Felet ligger i hur hon fick rollen.<\/p>\n<p>Efter endast ett \u00e5r som huvudtr\u00e4nare i herrallsvenskan fick hon uppdraget som f\u00f6rbundskapten. Det \u00e4r ett mycket stort steg p\u00e5 den h\u00e4r niv\u00e5n \u2013 och nu har vi facit.<\/p>\n<p><strong>Om det g\u00e5r i SSL \u2013 varf\u00f6r inte i f\u00f6rbundet?<\/strong><\/p>\n<p>I damernas SSL har mer \u00e4n handfull antal tr\u00e4nare f\u00e5tt l\u00e4mna redan efter halva s\u00e4songen.<br \/>D\u00e4r accepteras inte uteblivna resultat.<\/p>\n<p>Varf\u00f6r skulle inte samma krav g\u00e4lla p\u00e5 h\u00f6gsta niv\u00e5 inom Svenska Innebandyf\u00f6rbundet?<br \/>Varf\u00f6r ska landslagsorganisationen vara fredad?<\/p>\n<p><img loading=\"lazy\" decoding=\"async\" width=\"1400\" height=\"933\" src=\"https:\/\/www.europesays.com\/se\/wp-content\/uploads\/2025\/12\/54982228534_53dbd398c4_k.jpg\" alt=\"\" class=\"wp-image-193451\"  \/>Foto: IFF\/Matyas Klapa<\/p>\n<p><strong>Ett historiskt fiasko<\/strong><\/p>\n<p>Det h\u00e4r \u00e4r det n\u00e4st st\u00f6rsta fiaskot i svensk innebandyhistoria.<br \/>I min bok sl\u00e5s fiaskot i Tjeckien endast av Borl\u00e4nge-VM 1999. Det var n\u00e4r Sverige p\u00e5 hemmaplan missade VM-finalen och st\u00e4llde allt p\u00e5 sin \u00e4nda n\u00e4r SVT skulle direkts\u00e4nda en damlandskamp f\u00f6r f\u00f6rsta g\u00e5ngen \u2013 och Sverige var inte d\u00e4r. Finalbiljetter hade s\u00e5lts som att Sverige skulle spela final, men laget fick spela bronsmatch i st\u00e4llet. Det var en annan tid, absolut, men \u00e4nd\u00e5 lite v\u00e4rre \u00e4n f\u00f6rlusten i Ostrava.<\/p>\n<p>Det h\u00e4r \u00e4r tredje g\u00e5ngen damlandslaget missar en VM-final.<br \/>Herrarna har \u00e4nnu inte upplevt det \u2013 men den dagen kan komma snabbare \u00e4n m\u00e5nga tror.<\/p>\n<p>Efter nio raka VM-guld m\u00e5ste en era ta slut.<br \/>Men det \u00e4r hur det sker som \u00e4r problemet.<\/p>\n<p><strong>Problemen \u00e4r djupare \u00e4n en match -Sverige har tappat farten<\/strong><\/p>\n<p>Vi har ett fiaskobetonat VM 2024 i Malm\u00f6 i f\u00e4rskt minne \u2013 framf\u00f6r allt utanf\u00f6r planen: lite publik p\u00e5 matcherna och tveksam PR f\u00f6r sporten, men ocks\u00e5 delvis sportsligt, om \u00e4n oturligt efter sudden death.<\/p>\n<p>P\u00e5 juniorsidan \u00e4r resultaten blandade och orov\u00e4ckande, utan att n\u00e5gra tydliga krav p\u00e5 f\u00f6r\u00e4ndring upplevs st\u00e4llas.<\/p>\n<p>K\u00e4nslan \u00e4r tydlig:<br \/>Det finns en tendens att problemformuleringar tonas ned.<br \/>Att organisationen sluter sig n\u00e4r det bl\u00e5ser.<br \/>Och att den diskussion som borde f\u00f6ras \u00f6ppet ibland uteblir.<\/p>\n<p>Och detta sker samtidigt som matcherna direkts\u00e4nds i SVT.<\/p>\n<p><strong>Sverige \u00e4r inte hungrigast l\u00e4ngre<\/strong><\/p>\n<p>Sverige var tama fr\u00e5n f\u00f6rsta till sista bytet mot Schweiz.<br \/>Inget tryck.<br \/>Ingen desperation.<br \/>Ingen energi trots stort underl\u00e4ge.<\/p>\n<p>Jag f\u00f6rst\u00e5r att Linn Lundstr\u00f6m stod med t\u00e5rarna i SVT:s s\u00e4ndning efter matchen.<br \/>Men de st\u00f6rsta t\u00e5rarna tillh\u00f6r innebandyfolket.<\/p>\n<p>F\u00f6r vi har k\u00f6rt fel \u2013 l\u00e4nge.<\/p>\n<p>Sverige \u00e4r inte hungrigast i innebandyv\u00e4rlden l\u00e4ngre.<br \/>Inte ens tv\u00e5a.<\/p>\n<p>Tjeckien \u00e4r hungrigast.<br \/>Deras ungdomslag reser oftare \u00e4n oss de senaste 20 \u00e5ren. Deras talanger flyttar utomlands f\u00f6r att bli b\u00e4st om det kr\u00e4vs. Vi i Sverige \u00e4r bekv\u00e4ma, och ingen pratar om vikten av att m\u00e4ta oss med de b\u00e4sta finska, tjeckiska och schweiziska lagen p\u00e5 deras hemmaplaner, som exempel, p\u00e5 samma s\u00e4tt som de andra nationerna t\u00e4nker.<\/p>\n<p>Finland \u00e4r tv\u00e5a \u2013 mer p\u00e5kopplade, mer kompromissl\u00f6sa, mer utvecklingsfokuserade.<\/p>\n<p>Sverige st\u00e5r kvar med kepsen i handen.<br \/>N\u00f6jda.<br \/>Sj\u00e4lvbel\u00e5tna.<br \/>Upptagna av att hylla varandra p\u00e5 sociala medier.<\/p>\n<p>Samtidigt st\u00e5r vi och stampar \u2013 som f\u00f6r 20 \u00e5r sedan.<\/p>\n<p><img loading=\"lazy\" decoding=\"async\" width=\"1400\" height=\"933\" src=\"https:\/\/www.europesays.com\/se\/wp-content\/uploads\/2025\/12\/54982016126_894ae0e1f7_k.jpg\" alt=\"\" class=\"wp-image-193422\"  \/>Foto: IFF\/Matyas Klapa<\/p>\n<p><strong>Otydlighet i st\u00e4llet f\u00f6r elitmilj\u00f6<\/strong><\/p>\n<p>Prestationskraven \u00e4r f\u00f6r l\u00e5ga.<br \/>Det s\u00e4ger m\u00e5nga med insyn i verksamheten.<\/p>\n<p>Beslut kring juniorlandslagen \u2013 d\u00e4r spelare kan tas ut till U19 men inte f\u00e5r spela distrikts-SM f\u00f6r att de \u00e4r \u201df\u00f6r unga\u201d \u2013 \u00e4r ett typexempel p\u00e5 f\u00f6rvirringen.<\/p>\n<p>Panik\u00e5tg\u00e4rder.<br \/>Inkonsekvens.<br \/>En upplevelse av att helheten saknar tydlig riktning.<\/p>\n<p>Det h\u00e4r gynnar inte svensk innebandy.<\/p>\n<p><strong>Nu m\u00e5ste det st\u00e4das<\/strong><\/p>\n<p>Ordentligt.<br \/>P\u00e5 riktigt.<\/p>\n<p>Inte med urs\u00e4kter.<br \/>Inte med pressmeddelanden om att allt \u00e4r bra.<br \/>Inte med interna ryggdunkningar.<\/p>\n<p>Utan med krav.<br \/>Ansvar.<br \/>Och f\u00f6r\u00e4ndring.<\/p>\n<p>F\u00f6r svensk innebandy f\u00f6rtj\u00e4nar b\u00e4ttre \u00e4n det vi s\u00e5g i Ostrava.<br \/>Och om inte ens ett VM-fiasko i direkts\u00e4nd TV leder till f\u00f6r\u00e4ndring \u2013<br \/>d\u00e5 \u00e4r problemet st\u00f6rre \u00e4n resultatet.<\/p>\n<p>ANNONS<br \/>\n  <a href=\"https:\/\/unihoc.com\/se\/sv\/page\/carbskin-black\" target=\"_blank\" rel=\"nofollow noopener\"><img decoding=\"async\" src=\"https:\/\/www.europesays.com\/se\/wp-content\/uploads\/2025\/12\/hOOb7yE.gif\" alt=\"Desktopbild\" width=\"776\"\/><\/a><\/p>\n<p>  <a href=\"https:\/\/unihoc.com\/se\/sv\/page\/carbskin-black\" target=\"_blank\" rel=\"nofollow noopener\"><img decoding=\"async\" src=\"https:\/\/www.europesays.com\/se\/wp-content\/uploads\/2025\/12\/upzg7zo.gif\" alt=\"Mobilbild\" width=\"320\"\/><\/a><\/p>\n","protected":false},"excerpt":{"rendered":"KR\u00d6NIKA: Innebandymagazinets grundare Magnus Fredriksson om Sveriges semifinalutt\u00e5g i VM 2025. Landslagschefen Sofie Andersson och tillf\u00f6rordnade landslagschefen Julia&hellip;\n","protected":false},"author":2,"featured_media":105855,"comment_status":"","ping_status":"","sticky":false,"template":"","format":"standard","meta":{"footnotes":""},"categories":[68],"tags":[563,34,111,110,31,33,32,30,461],"class_list":{"0":"post-105854","1":"post","2":"type-post","3":"status-publish","4":"format-standard","5":"has-post-thumbnail","7":"category-sport","8":"tag-lop-1","9":"tag-se","10":"tag-sport","11":"tag-sports","12":"tag-svenska","13":"tag-sverige","14":"tag-sweden","15":"tag-swedish","16":"tag-topp-6"},"share_on_mastodon":{"url":"https:\/\/pubeurope.com\/@se\/115719309099053950","error":""},"_links":{"self":[{"href":"https:\/\/www.europesays.com\/se\/wp-json\/wp\/v2\/posts\/105854","targetHints":{"allow":["GET"]}}],"collection":[{"href":"https:\/\/www.europesays.com\/se\/wp-json\/wp\/v2\/posts"}],"about":[{"href":"https:\/\/www.europesays.com\/se\/wp-json\/wp\/v2\/types\/post"}],"author":[{"embeddable":true,"href":"https:\/\/www.europesays.com\/se\/wp-json\/wp\/v2\/users\/2"}],"replies":[{"embeddable":true,"href":"https:\/\/www.europesays.com\/se\/wp-json\/wp\/v2\/comments?post=105854"}],"version-history":[{"count":0,"href":"https:\/\/www.europesays.com\/se\/wp-json\/wp\/v2\/posts\/105854\/revisions"}],"wp:featuredmedia":[{"embeddable":true,"href":"https:\/\/www.europesays.com\/se\/wp-json\/wp\/v2\/media\/105855"}],"wp:attachment":[{"href":"https:\/\/www.europesays.com\/se\/wp-json\/wp\/v2\/media?parent=105854"}],"wp:term":[{"taxonomy":"category","embeddable":true,"href":"https:\/\/www.europesays.com\/se\/wp-json\/wp\/v2\/categories?post=105854"},{"taxonomy":"post_tag","embeddable":true,"href":"https:\/\/www.europesays.com\/se\/wp-json\/wp\/v2\/tags?post=105854"}],"curies":[{"name":"wp","href":"https:\/\/api.w.org\/{rel}","templated":true}]}}