{"id":105856,"date":"2025-12-14T18:21:12","date_gmt":"2025-12-14T18:21:12","guid":{"rendered":"https:\/\/www.europesays.com\/se\/105856\/"},"modified":"2025-12-14T18:21:12","modified_gmt":"2025-12-14T18:21:12","slug":"de-5-basta-svenska-tv-serierna-2025-enligt-moviezines-lasare","status":"publish","type":"post","link":"https:\/\/www.europesays.com\/se\/105856\/","title":{"rendered":"De 5 b\u00e4sta svenska tv-serierna 2025 &#8211; enligt MovieZines l\u00e4sare"},"content":{"rendered":"<p>\u00c5ret 2025 b\u00f6rjar sakta n\u00e4rma sig slutet. MovieZines l\u00e4sare har under helgen d\u00e4rf\u00f6r f\u00e5tt chansen att r\u00f6sta fram sina favoriter bland \u00e5rets helt nya svenska tv-serier, som sl\u00e4ppts under 2025. Inga nya s\u00e4songer av \u00e4ldre serier allts\u00e5. Den perfekta guiden till vilka svenska tv-serier du borde passa p\u00e5 att se ikapp under de extra lediga dagarna under julen snart.<\/p>\n<p>Hur gick omr\u00f6stningen till? I MovieZine VIP-gruppen p\u00e5 Facebook lades 21 olika f\u00f6rslag p\u00e5 svenska tv-serier fr\u00e5n 2025 fram, d\u00e4r de 8 mest popul\u00e4ra sedan lyftes fram f\u00f6r alla v\u00e5ra l\u00e4sare att r\u00f6sta p\u00e5. H\u00e4r nedan ser vi det rangordnade resultatet med de 5 tv-serier MovieZines l\u00e4sare har gillat mest under 2025!<\/p>\n<p>5. \u201dF\u00e4rjan\u201d (SVT)<\/p>\n<p><img loading=\"lazy\" height=\"405\" width=\"648\" class=\"wp-image-708456 sp-no-webp perfmatters-lazy\" alt=\"\" decoding=\"async\" src=\"https:\/\/www.europesays.com\/se\/wp-content\/uploads\/2025\/12\/farjan_svt-648x405.jpg\"  data-\/> <\/p>\n<p>Lite svensk skr\u00e4ck har vi faktiskt hunnit med under \u00e5ret. \u201dF\u00e4rjan\u201d \u00e4r baserad p\u00e5 <strong>Mats Strandbergs <\/strong>roman med samma namn. Handlingen utspelar sig p\u00e5 en finlandsf\u00e4rja som trafikerar str\u00e4ckan mellan Stockholm och Helsingfors. <\/p>\n<p>Just den natt n\u00e4r vi tittare f\u00e5r f\u00f6lja h\u00e4ndelserna p\u00e5 f\u00e4rjan s\u00e5 har en husbil med vampyren Edith (<strong>Tuppence Middleton<\/strong>) och hennes son Walter (<strong>Kolbj\u00f6rn Skarsg\u00e5rd<\/strong>) k\u00f6rt ombord. En finlandsresa som ingen av passagerarna ombord p\u00e5 f\u00e4rjan kommer att gl\u00f6mma i f\u00f6rsta taget\u2026 om man lyckas \u00f6verleva den det vill s\u00e4ga.<\/p>\n<p>4. \u201dParterapi i Gagnef\u201d (SVT)<\/p>\n<p><img loading=\"lazy\" height=\"365\" width=\"648\" class=\"wp-image-708458 sp-no-webp perfmatters-lazy\" alt=\"\" decoding=\"async\" src=\"https:\/\/www.europesays.com\/se\/wp-content\/uploads\/2025\/12\/parterapi_i_gagnef-648x365.jpg\"  data-\/> <\/p>\n<p>Det \u00e4r ju inte varje dag en svensk romantisk komedi i vintermilj\u00f6 tar sig in i utbudet bland alla kriminalare och diskb\u00e4nksrealistiska dramaserier. Men \u201dParterapi i Gagnef\u201d har lyckats med precis just det. \u00c4ven fast uppl\u00e4gget i serien kan verka n\u00e4stan lite l\u00f6jligt, s\u00e5 \u00e4r det h\u00e4r en komedi som verkligen visar sig att ha hj\u00e4rtat p\u00e5 det r\u00e4tta st\u00e4llet.<\/p>\n<p>Psykologen Nisse (<strong>Joel Spira<\/strong>) gl\u00f6mmer sekretessbelagda journaler p\u00e5 bussen \u2013 och tvingas ta ett jobb p\u00e5 den enda v\u00e5rdcentralen i landet som fortfarande t\u00f6rs anst\u00e4lla honom. Det inneb\u00e4r att han m\u00e5ste flytta till den lilla orten Gagnef. V\u00e4l p\u00e5 plats faller han f\u00f6r patienten Rebecka (<strong>Josefin Asplund<\/strong>), som r\u00e5kar beh\u00f6va hj\u00e4lp med parterapi tillsammans med sin pojkv\u00e4n.<\/p>\n<p>3. \u201dKoka bj\u00f6rn\u201d (Disney+)<\/p>\n<p><img loading=\"lazy\" height=\"432\" width=\"648\" class=\"wp-image-708454 sp-no-webp perfmatters-lazy\" alt=\"\" decoding=\"async\" src=\"https:\/\/www.europesays.com\/se\/wp-content\/uploads\/2025\/12\/koka_bjorn-648x432.jpg\"  data-\/> <\/p>\n<p>Disney+ har under \u00e5ret sl\u00e4ppt sin f\u00f6rsta svenska originalserie, som givetvis \u00e4r en spinn p\u00e5 kriminalgenren. Men en riktigt lyckad s\u00e5dan, som f\u00e5r serien att st\u00e5 ut ur m\u00e4ngden \u2013 samtidigt som svensk (och finsk) natur f\u00e5r visa upp sig p\u00e5 b\u00e4sta m\u00f6jliga s\u00e4tt. Handlingen utspelar sig under sommaren 1852 i den lilla byn Kengis. Den nya pastorn (<strong>Gustav Skarsg\u00e5rd<\/strong>) har precis kommit till sin nya f\u00f6rsamling n\u00e4r en ung flicka pl\u00f6tsligt f\u00f6rsvinner. <\/p>\n<p>Till en b\u00f6rjan anklagas en bj\u00f6rn f\u00f6r f\u00f6rsvinnandet. Men pastorn tror inte p\u00e5 den f\u00f6rklaringen och p\u00e5b\u00f6rjar sin egen utredning, som ger oss en slags \u201dCSI\u201d-aktig spinn p\u00e5 kriminalgenren fast under 1800-talet. D\u00e4r han blir konstant motarbetad. N\u00e5got som resulterar i en sp\u00e4nnande mix av kriminalare, religion och fina norrl\u00e4ndska milj\u00f6er. <\/p>\n<p>2. \u201d\u00c5remorden\u201d (Netflix)<\/p>\n<p><img loading=\"lazy\" height=\"338\" width=\"648\" class=\"wp-image-708455 sp-no-webp perfmatters-lazy\" alt=\"\" decoding=\"async\" src=\"https:\/\/www.europesays.com\/se\/wp-content\/uploads\/2025\/12\/aremorden_netflix-648x338.jpg\"  data-\/> <\/p>\n<p>Det vore v\u00e4l inte en riktig lista av svenska tv-serier om det inte fanns en grym \u201dvanlig\u201d kriminalare med i mixen? \u201d\u00c5remorden\u201d \u00e4r baserad p\u00e5 <strong>Viveca Stens<\/strong> tv\u00e5 f\u00f6rsta romaner om polisen Hanna och blev en enorm succ\u00e9 \u00e4ven internationellt n\u00e4r den sl\u00e4pptes p\u00e5 Netflix under \u00e5ret. <\/p>\n<p>Handlingen f\u00f6ljer Stockholms-polisen Hanna (<strong>Carla Sehn<\/strong>) som stuckit till \u00c5re f\u00f6r att komma bort fr\u00e5n sina personliga problem hemma i storstan. V\u00e4l p\u00e5 plats kan hon d\u00e4remot inte h\u00e5lla sig ifr\u00e5n att hj\u00e4lpa lokalpolisen Daniel (<strong>Kardo Razzazi<\/strong>) n\u00e4r en ung kvinna pl\u00f6tsligt f\u00f6rsvinner. Serien l\u00e5ter oss sedan f\u00f6lja den omaka duon n\u00e4r man l\u00f6ser ett g\u00e4ng olika mordfall i \u00c5res n\u00e4romr\u00e5de.<\/p>\n<p>1. \u201dVi p\u00e5 Saltkr\u00e5kan\u201d (SVT)<\/p>\n<p><img loading=\"lazy\" height=\"415\" width=\"648\" class=\"wp-image-708452 sp-no-webp perfmatters-lazy\" alt=\"\" decoding=\"async\" src=\"https:\/\/www.europesays.com\/se\/wp-content\/uploads\/2025\/12\/Vi_Pa_Saltkrakan_2025-648x415.jpg\"  data-\/> <\/p>\n<p>Det var minst sagt modigt att ta sig an n\u00e5got s\u00e5 heligt som en <strong>Astrid Lindgren<\/strong>-titel. Dessutom hennes enda ber\u00e4ttelse som skrevs specifikt f\u00f6r tv. N\u00e5got som gjorde m\u00e5nga nostalgiska tittare s\u00e4rskilt oroliga \u00f6ver att SVT planerade vissa f\u00f6r\u00e4ndringar, n\u00e4r serien nu skulle utspelas i nutid. <\/p>\n<p>Lyckligtvis visar det sig att b\u00e5de vanliga svenska tittare och v\u00e5r egen recensent Katarina Emg\u00e5rd (<a href=\"https:\/\/www.moviezine.se\/recensioner\/nya-serien-visar-varfor-astrid-lindgren-aldrig-gar-ur-tiden\" rel=\"nofollow noopener\" target=\"_blank\">som satte h\u00f6gsta m\u00f6jliga betyg<\/a>) har fallit pladask f\u00f6r den moderna nyinspelningen. Tjorven, B\u00e5tsman och Farbror Melker introduceras f\u00f6r en ny generation, samtidigt som alla vi som \u00e4r uppv\u00e4xta p\u00e5 originalet fortfarande k\u00e4nner igen oss. N\u00e5got Katarina \u00e4ven lyfte fram i recensionen:<\/p>\n<p>\u201dAlla kommer att k\u00e4nna igen karakt\u00e4rerna. Liksom i originalet f\u00e5r vi f\u00f6lja deras udda, men k\u00e4rleksfulla v\u00e4nskap vilken l\u00e5ngsamt v\u00e4xer fram under s\u00e4songens g\u00e5ng. Jag skrattar tills jag gr\u00e5ter av medk\u00e4nsla med karakt\u00e4rerna innan s\u00e4songen \u00e4r \u00f6ver.\u00a0F\u00e4rgtonerna och naturv\u00e4nliga milj\u00f6erna k\u00e4nns igen fr\u00e5n 1960-talsversionen.\u00a0Det m\u00e4rks att serien \u00e4r gjord b\u00e5de f\u00f6r oss som har en nostalgisk blick p\u00e5 karakt\u00e4rerna och f\u00f6r en ny generation.\u201d<\/p>\n<p><strong>Tog sig n\u00e4stan in p\u00e5 topplistan<\/strong><\/p>\n<p><img loading=\"lazy\" height=\"365\" width=\"648\" class=\"wp-image-708457 sp-no-webp perfmatters-lazy\" alt=\"\" decoding=\"async\" src=\"https:\/\/www.europesays.com\/se\/wp-content\/uploads\/2025\/12\/dar_solen_alltid_skiner-648x365.jpeg\"  data-\/> \u201dD\u00e4r solen alltid skiner\u201d. Foto: SkyShowtime<\/p>\n<p>Om du redan har hunnit beta av alla titlarna ovan s\u00e5 knep \u00e4ven dessa serier ett g\u00e4ng r\u00f6ster och hamnade precis utanf\u00f6r topplistan:<\/p>\n<p><strong>\u201dD\u00e4r solen alltid skiner\u201d<\/strong> (SkyShowtime), <strong>\u201dHalva Malm\u00f6 best\u00e5r av killar som dumpat mig\u201d<\/strong> (Netflix), <strong>\u201dStenbeck\u201d<\/strong> (SVT), <strong>\u201dKnutby \u2013 Kristi brud\u201d<\/strong> (TV4 Play), <strong>\u201dTrol\u00f6sa\u201d<\/strong> (SVT),<strong> \u201dGlaskupan\u201d<\/strong> (Netflix) och <strong>\u201dJulkalendern: Tidstjuven\u201d<\/strong> (SVT). <\/p>\n<p>Vi har \u00e4ven fortfarande <strong>Sanna Lenkens<\/strong> och <strong>Karin Arrhenius<\/strong> adaption av \u201dJag for ner till bror\u201d att se fram emot under julen hos SVT. Med premi\u00e4r den 26 december. <\/p>\n<p>L\u00e4s ocks\u00e5: <a href=\"https:\/\/www.moviezine.se\/nyheter\/10-helt-fantastiska-miniserier-fran-2025\" title=\"10 helt fantastiska miniserier fr\u00e5n 2025\" class=\"underline-custom !font-montserrat !font-bold !underline-offset-4 !decoration-4 !decoration-moviezine-green !text-md\" rel=\"nofollow noopener\" target=\"_blank\">10 helt fantastiska miniserier fr\u00e5n 2025<\/a><\/p>\n<p>L\u00e4s ocks\u00e5: <a href=\"https:\/\/www.moviezine.se\/nyheter\/basta-filmerna-2025\" title=\"De 10 b\u00e4sta filmerna 2025 \u2013 enligt MovieZine\" class=\"underline-custom !font-montserrat !font-bold !underline-offset-4 !decoration-4 !decoration-moviezine-green !text-md\" rel=\"nofollow noopener\" target=\"_blank\">De 10 b\u00e4sta filmerna 2025 \u2013 enligt MovieZine<\/a><\/p>\n<p><img loading=\"lazy\" decoding=\"async\" alt=\"YouTube video\" width=\"480\" height=\"360\" data-pin-nopin=\"true\" nopin=\"nopin\" class=\"perfmatters-lazy\" src=\"https:\/\/www.europesays.com\/se\/wp-content\/uploads\/2025\/08\/1755691510_42_hqdefault.jpg\"\/><\/p>\n","protected":false},"excerpt":{"rendered":"\u00c5ret 2025 b\u00f6rjar sakta n\u00e4rma sig slutet. MovieZines l\u00e4sare har under helgen d\u00e4rf\u00f6r f\u00e5tt chansen att r\u00f6sta fram&hellip;\n","protected":false},"author":2,"featured_media":105857,"comment_status":"","ping_status":"","sticky":false,"template":"","format":"standard","meta":{"footnotes":""},"categories":[67],"tags":[2692,104,2399,34,2032,31,33,586,32,30,5236,105],"class_list":{"0":"post-105856","1":"post","2":"type-post","3":"status-publish","4":"format-standard","5":"has-post-thumbnail","7":"category-underhallning","8":"tag-disney-plus","9":"tag-entertainment","10":"tag-netflix","11":"tag-se","12":"tag-streamingtips","13":"tag-svenska","14":"tag-sverige","15":"tag-svt","16":"tag-sweden","17":"tag-swedish","18":"tag-topplistor","19":"tag-underhallning"},"share_on_mastodon":{"url":"https:\/\/pubeurope.com\/@se\/115719312913448952","error":""},"_links":{"self":[{"href":"https:\/\/www.europesays.com\/se\/wp-json\/wp\/v2\/posts\/105856","targetHints":{"allow":["GET"]}}],"collection":[{"href":"https:\/\/www.europesays.com\/se\/wp-json\/wp\/v2\/posts"}],"about":[{"href":"https:\/\/www.europesays.com\/se\/wp-json\/wp\/v2\/types\/post"}],"author":[{"embeddable":true,"href":"https:\/\/www.europesays.com\/se\/wp-json\/wp\/v2\/users\/2"}],"replies":[{"embeddable":true,"href":"https:\/\/www.europesays.com\/se\/wp-json\/wp\/v2\/comments?post=105856"}],"version-history":[{"count":0,"href":"https:\/\/www.europesays.com\/se\/wp-json\/wp\/v2\/posts\/105856\/revisions"}],"wp:featuredmedia":[{"embeddable":true,"href":"https:\/\/www.europesays.com\/se\/wp-json\/wp\/v2\/media\/105857"}],"wp:attachment":[{"href":"https:\/\/www.europesays.com\/se\/wp-json\/wp\/v2\/media?parent=105856"}],"wp:term":[{"taxonomy":"category","embeddable":true,"href":"https:\/\/www.europesays.com\/se\/wp-json\/wp\/v2\/categories?post=105856"},{"taxonomy":"post_tag","embeddable":true,"href":"https:\/\/www.europesays.com\/se\/wp-json\/wp\/v2\/tags?post=105856"}],"curies":[{"name":"wp","href":"https:\/\/api.w.org\/{rel}","templated":true}]}}