{"id":105858,"date":"2025-12-14T18:28:09","date_gmt":"2025-12-14T18:28:09","guid":{"rendered":"https:\/\/www.europesays.com\/se\/105858\/"},"modified":"2025-12-14T18:28:09","modified_gmt":"2025-12-14T18:28:09","slug":"nilsson-lindelofs-mardrom-i-forsta-starten-for-aston-villa","status":"publish","type":"post","link":"https:\/\/www.europesays.com\/se\/105858\/","title":{"rendered":"Nilsson Lindel\u00f6fs mardr\u00f6m \u2013 i f\u00f6rsta starten f\u00f6r Aston Villa"},"content":{"rendered":"<p>Publicerad 14 dec 2025 kl 16.56Uppdaterad kl 17.03<\/p>\n<p>Victor Nilsson Lindel\u00f6fs f\u00f6rsta start p\u00e5 203 dagar.\u00a0<\/p>\n<p>D\u00e5 ringde det i baken direkt.\u00a0<\/p>\n<p>Aston Villa sl\u00e4ppte in m\u00e5l efter 30 sekunder.\u00a0<\/p>\n<p>M\u00f6t Nikola Vasics pappa: Fader Vasa<img   alt=\"\"\/><\/p>\n<p>Victor Nilsson Lindel\u00f6f.<\/p>\n<p>Foto: RYAN BROWNE\/SHUTTERSTOCK \/ SHUTTERSTOCK EDITORIAL\/IBL<\/p>\n<p>\u00d6ppna bild i helsk\u00e4rm<\/p>\n<p>Victor Nilsson Lindel\u00f6f gjorde sin f\u00f6rsta start i Premier League p\u00e5 203 dagar.\u00a0<\/p>\n<p>Sedan senast har svensken hunnit byta Manchester United mot <a href=\"https:\/\/www.expressen.se\/tagg\/organization\/aston-villa\/\" class=\"\" rel=\"nofollow noopener\" target=\"_blank\">Aston Villa<\/a> i v\u00e4rldens b\u00e4sta liga.\u00a0<\/p>\n<p>Men det blev ingen ingen \u00f6nskv\u00e4rd inledning p\u00e5 matchen borta mot West Ham.\u00a0<\/p>\n<p>Redan efter 30 sekunder gick mittbackskollega Ezri Konsa bort sig och tappade bollen utanf\u00f6r eget straffomr\u00e5de. D\u00e5 skickade Mateus Fernandes in 1\u20130 bakom m\u00e5lvakt Marco Bizot.\u00a0<\/p>\n<p>Hj\u00e4lte i andra halvlek<\/p>\n<p>D\u00e4refter kom m\u00e5len i strid str\u00f6m.\u00a0<\/p>\n<p>\u00c5tta minuter senare kvitterade Villa efter att Konstantinos Mavropanos gjort sj\u00e4lvm\u00e5l och innan 25 minuter var spelat hade Jarrow Bowen satt West Ham i f\u00f6rars\u00e4tet igen. Det efter att Nilsson Lindel\u00f6f tappat sin markering.\u00a0<\/p>\n<p>I den andra halvleken kunde \u00e4nd\u00e5 Villa v\u00e4nda p\u00e5 steken och ta hem segern. Det efter att Morgan Rodgers gjort dubbla m\u00e5l, varav det sista assisterat av Nilsson Lindel\u00f6f, och fastst\u00e4llt slutresultatet till 2\u20133.\u00a0<\/p>\n<p>Aston Villa ligger trea i tabellen med 33 po\u00e4ng. West Ham \u00e4r tredje sist med 13 pinnar.\u00a0<\/p>\n","protected":false},"excerpt":{"rendered":"Publicerad 14 dec 2025 kl 16.56Uppdaterad kl 17.03 Victor Nilsson Lindel\u00f6fs f\u00f6rsta start p\u00e5 203 dagar.\u00a0 D\u00e5 ringde&hellip;\n","protected":false},"author":2,"featured_media":105859,"comment_status":"","ping_status":"","sticky":false,"template":"","format":"standard","meta":{"footnotes":""},"categories":[68],"tags":[2484,4241,2301,34,129,242,111,110,31,33,32,30],"class_list":{"0":"post-105858","1":"post","2":"type-post","3":"status-publish","4":"format-standard","5":"has-post-thumbnail","7":"category-sport","8":"tag-organization-aston-villa","9":"tag-organization-west-ham-united","10":"tag-person-victor-nilsson-lindelof","11":"tag-se","12":"tag-sections-fotboll","13":"tag-sections-premierleague","14":"tag-sport","15":"tag-sports","16":"tag-svenska","17":"tag-sverige","18":"tag-sweden","19":"tag-swedish"},"share_on_mastodon":{"url":"https:\/\/pubeurope.com\/@se\/115719340310220132","error":""},"_links":{"self":[{"href":"https:\/\/www.europesays.com\/se\/wp-json\/wp\/v2\/posts\/105858","targetHints":{"allow":["GET"]}}],"collection":[{"href":"https:\/\/www.europesays.com\/se\/wp-json\/wp\/v2\/posts"}],"about":[{"href":"https:\/\/www.europesays.com\/se\/wp-json\/wp\/v2\/types\/post"}],"author":[{"embeddable":true,"href":"https:\/\/www.europesays.com\/se\/wp-json\/wp\/v2\/users\/2"}],"replies":[{"embeddable":true,"href":"https:\/\/www.europesays.com\/se\/wp-json\/wp\/v2\/comments?post=105858"}],"version-history":[{"count":0,"href":"https:\/\/www.europesays.com\/se\/wp-json\/wp\/v2\/posts\/105858\/revisions"}],"wp:featuredmedia":[{"embeddable":true,"href":"https:\/\/www.europesays.com\/se\/wp-json\/wp\/v2\/media\/105859"}],"wp:attachment":[{"href":"https:\/\/www.europesays.com\/se\/wp-json\/wp\/v2\/media?parent=105858"}],"wp:term":[{"taxonomy":"category","embeddable":true,"href":"https:\/\/www.europesays.com\/se\/wp-json\/wp\/v2\/categories?post=105858"},{"taxonomy":"post_tag","embeddable":true,"href":"https:\/\/www.europesays.com\/se\/wp-json\/wp\/v2\/tags?post=105858"}],"curies":[{"name":"wp","href":"https:\/\/api.w.org\/{rel}","templated":true}]}}