{"id":105860,"date":"2025-12-14T18:29:12","date_gmt":"2025-12-14T18:29:12","guid":{"rendered":"https:\/\/www.europesays.com\/se\/105860\/"},"modified":"2025-12-14T18:29:12","modified_gmt":"2025-12-14T18:29:12","slug":"skulle-aldrig-ha-gett-ut-boken-monster-i-dag","status":"publish","type":"post","link":"https:\/\/www.europesays.com\/se\/105860\/","title":{"rendered":"Skulle aldrig ha gett ut boken Monster i dag"},"content":{"rendered":"<p>Publicerad 14 dec 2025 kl 19.00<\/p>\n<p>SVT menar att det inte finns n\u00e5gra bevis i handlingar p\u00e5 de \u00f6vergrepp Joakim Lundell s\u00e4ger sig ha utsatts f\u00f6r i sin barndom.\u00a0<\/p>\n<p>I dag hade Youtubern aldrig gett ut sin bok \u201dMonster\u201d.\u00a0<\/p>\n<p>\u2013 Den h\u00e4r boken hade inte gett mig n\u00e5gon lugn och ro.<\/p>\n<p><img loading=\"lazy\"   alt=\"\"\/> <\/p>\n<p>Foto: SVT<\/p>\n<p>\u00d6ppna bild i helsk\u00e4rm<img loading=\"lazy\"   alt=\"\"\/> <\/p>\n<p>Foto: ANNA-KARIN NILSSON<\/p>\n<p>\u00d6ppna bild i helsk\u00e4rm<img loading=\"lazy\"   alt=\"\"\/> <\/p>\n<p>Foto: Pressbild<\/p>\n<p>\u00d6ppna bild i helsk\u00e4rm<\/p>\n<p>I SVT:s \u201dDokument inifr\u00e5n \u2013 Hatet\u201d menar SVT att det inte finns n\u00e5gra bevis i <a href=\"https:\/\/www.expressen.se\/tagg\/person\/joakim-lundell\/\" class=\"\" rel=\"nofollow noopener\" target=\"_blank\">Joakim Lundells<\/a> journaler f\u00f6r de \u00f6vergrepp som han s\u00e4ger sig ha utsatts f\u00f6r i sin barndom.\u00a0<\/p>\n<p>Lundell \u00e4r starkt kritisk till avsnittet och menar att det finns st\u00f6d i handlingarna.\u00a0<\/p>\n<p>Avsnittet har anm\u00e4lts n\u00e4rmare 2 000 g\u00e5nger till Granskningsn\u00e4mnden.<\/p>\n<p>P\u00e5 tisdagen sl\u00e4pptes det andra avsnittet som handlar om Youtubedramat som bland annat involverar hans bror Christofer \u201dChrippa\u201d Lundstr\u00f6m. Hans fru Linnea Lundstr\u00f6ms familj ber\u00e4ttar i avsnittet att de utsatts f\u00f6r hat och hot.\u00a0<\/p>\n<p>Joakim Lundell st\u00e4ller sig undrande till vad det andra avsnittet egentligen har f\u00f6r syfte.\u00a0<\/p>\n<p>\u2013 Nu i efterhand, n\u00e4r jag har landat, s\u00e5 kan jag tycka att avsnitt ett, de gjorde det skitd\u00e5ligt, s\u00e5 tycker jag \u00e4nd\u00e5 att det gjorde syftet till en intressant debatt om hur vidare man kan skriva saker i en sj\u00e4lvbiografi. Har man ett ansvar som makthavare? Har man r\u00e4tt till sina barndomsminnen?<\/p>\n<p>\u201dHade hellre hackat i mig\u201d<\/p>\n<p>Det nya avsnittet v\u00e4cker inga intressanta fr\u00e5gor, enligt Lundell.\u00a0<\/p>\n<p>\u2013 Det \u00e4r bara liksom tr\u00f6ttsamt youtube-drama som ska presenteras d\u00e4r saker l\u00e4mnas utanf\u00f6r kontext och d\u00e5 blir man bara irriterad.\u00a0<\/p>\n<p><strong>Har du tagit \u00e5t dig n\u00e5gonting av kritiken fr\u00e5n f\u00f6rsta avsnittet och hade du gjort n\u00e5gonting annorlunda?<\/strong><\/p>\n<p>\u2013 Jag hade aldrig sl\u00e4ppt den h\u00e4r boken i dag. Men det sa jag redan innan. F\u00f6r att jag anser, att \u00e4ven om det h\u00e4r har h\u00e4nt och det \u00e4r mina minnen s\u00e5 \u00e4r jag p\u00e5 en plats i dag d\u00e4r jag gillar lugn och ro, och den h\u00e4r boken hade inte gett mig n\u00e5gon lugn och ro.<\/p>\n<p>\u2013 Jag hade nog hellre bara hackat i mig allt som hade h\u00e4nt, och sen kanske sl\u00e4ppt socialpappren och sen fick folk tolka sj\u00e4lva vad det \u00e4r som kan ha h\u00e4nt mig.<\/p>\n<p>Sedan SVT-dokument\u00e4ren sl\u00e4pptes har f\u00f6rs\u00e4ljningen av boken \u00f6kat och ligger p\u00e5 en h\u00f6gre niv\u00e5 \u00e4n under en vanlig vecka samma period.\u00a0<\/p>\n<p>\u201dDecember \u00e4r d\u00e4rmed den starkaste perioden f\u00f6r boken under \u00e5ret, s\u00e5 kopplingen till dokument\u00e4ren kan anses vara v\u00e4ldigt tydlig\u201d, skriver Kristiina Ajpe, kommunikations- och pr-chef p\u00e5 Adlibris i ett mejl.\u00a0<\/p>\n","protected":false},"excerpt":{"rendered":"Publicerad 14 dec 2025 kl 19.00 SVT menar att det inte finns n\u00e5gra bevis i handlingar p\u00e5 de&hellip;\n","protected":false},"author":2,"featured_media":105861,"comment_status":"","ping_status":"","sticky":false,"template":"","format":"standard","meta":{"footnotes":""},"categories":[67],"tags":[104,361,2470,34,31,33,32,30,105],"class_list":{"0":"post-105860","1":"post","2":"type-post","3":"status-publish","4":"format-standard","5":"has-post-thumbnail","7":"category-underhallning","8":"tag-entertainment","9":"tag-organization-svt","10":"tag-person-joakim-lundell","11":"tag-se","12":"tag-svenska","13":"tag-sverige","14":"tag-sweden","15":"tag-swedish","16":"tag-underhallning"},"share_on_mastodon":{"url":"https:\/\/pubeurope.com\/@se\/115719344123282675","error":""},"_links":{"self":[{"href":"https:\/\/www.europesays.com\/se\/wp-json\/wp\/v2\/posts\/105860","targetHints":{"allow":["GET"]}}],"collection":[{"href":"https:\/\/www.europesays.com\/se\/wp-json\/wp\/v2\/posts"}],"about":[{"href":"https:\/\/www.europesays.com\/se\/wp-json\/wp\/v2\/types\/post"}],"author":[{"embeddable":true,"href":"https:\/\/www.europesays.com\/se\/wp-json\/wp\/v2\/users\/2"}],"replies":[{"embeddable":true,"href":"https:\/\/www.europesays.com\/se\/wp-json\/wp\/v2\/comments?post=105860"}],"version-history":[{"count":0,"href":"https:\/\/www.europesays.com\/se\/wp-json\/wp\/v2\/posts\/105860\/revisions"}],"wp:featuredmedia":[{"embeddable":true,"href":"https:\/\/www.europesays.com\/se\/wp-json\/wp\/v2\/media\/105861"}],"wp:attachment":[{"href":"https:\/\/www.europesays.com\/se\/wp-json\/wp\/v2\/media?parent=105860"}],"wp:term":[{"taxonomy":"category","embeddable":true,"href":"https:\/\/www.europesays.com\/se\/wp-json\/wp\/v2\/categories?post=105860"},{"taxonomy":"post_tag","embeddable":true,"href":"https:\/\/www.europesays.com\/se\/wp-json\/wp\/v2\/tags?post=105860"}],"curies":[{"name":"wp","href":"https:\/\/api.w.org\/{rel}","templated":true}]}}