{"id":105862,"date":"2025-12-14T18:33:17","date_gmt":"2025-12-14T18:33:17","guid":{"rendered":"https:\/\/www.europesays.com\/se\/105862\/"},"modified":"2025-12-14T18:33:17","modified_gmt":"2025-12-14T18:33:17","slug":"arkebiskopen-ber-om-hjalp-med-julpredikan","status":"publish","type":"post","link":"https:\/\/www.europesays.com\/se\/105862\/","title":{"rendered":"\u00c4rkebiskopen ber om hj\u00e4lp med julpredikan"},"content":{"rendered":"<p class=\"kicker t20\" style=\"\">Nyhet<\/p>\n<p>    P\u00e5 sina sociala medier efterfr\u00e5gar \u00e4rkebiskop Martin Mod\u00e9us nya perspektiv att predika om i jul. Fr\u00e5gan har engagerat m\u00e5nga.\u00a0<\/p>\n<p>\n        P\u00e5 juldagen kommer Martin Mod\u00e9us st\u00e5 i predikstolen i Uppsala domkyrka. P\u00e5 sociala medier s\u00f6ker han nu nya ing\u00e5ngar till sin predikan.<br \/>\n        Marcus Gustafsson\n    <\/p>\n<p>\u00c4rkebiskop Martin Mod\u00e9us ska predika i Uppsala domkyrka p\u00e5 juldagen. Men efter m\u00e5nga \u00e5r med julpredikningar s\u00f6ker Martin Mod\u00e9us lite ny inspiration och har d\u00e4rf\u00f6r nu v\u00e4nt sig till allm\u00e4nheten.\u00a0<\/p>\n<p>                Prenumerera p\u00e5 Kyrkans Tidning<br \/>\n                Tre m\u00e5nader f\u00f6r 49 kr<br \/>D\u00e4refter 50 % rabatt i ett halv\u00e5r. Avsluta n\u00e4r du vill.<\/p>\n<ul style=\"font-size:0.8em\">\n<li>\u2022 Eget konto med full tillg\u00e5ng till kyrkanstidning.se<\/li>\n<li>\u2022 E-tidning &#8211; papperstidningen i digital form<\/li>\n<li>\u2022 Nyhetsbrev, temabilagor, poddar, quiz<\/li>\n<\/ul>\n<p>Ord pris 130 kr\/m\u00e5n<\/p>\n<p>\n                    <a class=\"lab-paywall-teaser-offer-button\" href=\"https:\/\/api.kyrkanstidning.se\/paywall\/order?providerUrl=https%3A%2F%2Fauth.kyrkanstidning.se%2Fpurchase%2Fkampanjer%2F3man49&amp;siteAlias=kyrkanstidning&amp;&amp;siteId=2&amp;contentUrl=https%3A%2F%2Fwww.kyrkanstidning.se%2Fnyhet%2Faerkebiskopen-ber-om-hjaelp-med-julpredikan%2F423405\" rel=\"nofollow noopener\" target=\"_blank\">K\u00d6P<\/a>\n                <\/p>\n","protected":false},"excerpt":{"rendered":"Nyhet P\u00e5 sina sociala medier efterfr\u00e5gar \u00e4rkebiskop Martin Mod\u00e9us nya perspektiv att predika om i jul. Fr\u00e5gan har&hellip;\n","protected":false},"author":2,"featured_media":105863,"comment_status":"","ping_status":"","sticky":false,"template":"","format":"standard","meta":{"footnotes":""},"categories":[12],"tags":[22,23,26,27,17,21,24,25,28,29,15,16,18,34,31,33,32,30,19,20],"class_list":{"0":"post-105862","1":"post","2":"type-post","3":"status-publish","4":"format-standard","5":"has-post-thumbnail","7":"category-sverige","8":"tag-breaking-news","9":"tag-breakingnews","10":"tag-featured-news","11":"tag-featurednews","12":"tag-headlines","13":"tag-huvudnyheter","14":"tag-latest-news","15":"tag-latestnews","16":"tag-main-news","17":"tag-mainnews","18":"tag-news","19":"tag-nyheter","20":"tag-rubriker","21":"tag-se","22":"tag-svenska","23":"tag-sverige","24":"tag-sweden","25":"tag-swedish","26":"tag-top-stories","27":"tag-topstories"},"share_on_mastodon":{"url":"https:\/\/pubeurope.com\/@se\/115719359923807118","error":""},"_links":{"self":[{"href":"https:\/\/www.europesays.com\/se\/wp-json\/wp\/v2\/posts\/105862","targetHints":{"allow":["GET"]}}],"collection":[{"href":"https:\/\/www.europesays.com\/se\/wp-json\/wp\/v2\/posts"}],"about":[{"href":"https:\/\/www.europesays.com\/se\/wp-json\/wp\/v2\/types\/post"}],"author":[{"embeddable":true,"href":"https:\/\/www.europesays.com\/se\/wp-json\/wp\/v2\/users\/2"}],"replies":[{"embeddable":true,"href":"https:\/\/www.europesays.com\/se\/wp-json\/wp\/v2\/comments?post=105862"}],"version-history":[{"count":0,"href":"https:\/\/www.europesays.com\/se\/wp-json\/wp\/v2\/posts\/105862\/revisions"}],"wp:featuredmedia":[{"embeddable":true,"href":"https:\/\/www.europesays.com\/se\/wp-json\/wp\/v2\/media\/105863"}],"wp:attachment":[{"href":"https:\/\/www.europesays.com\/se\/wp-json\/wp\/v2\/media?parent=105862"}],"wp:term":[{"taxonomy":"category","embeddable":true,"href":"https:\/\/www.europesays.com\/se\/wp-json\/wp\/v2\/categories?post=105862"},{"taxonomy":"post_tag","embeddable":true,"href":"https:\/\/www.europesays.com\/se\/wp-json\/wp\/v2\/tags?post=105862"}],"curies":[{"name":"wp","href":"https:\/\/api.w.org\/{rel}","templated":true}]}}