{"id":105864,"date":"2025-12-14T18:34:07","date_gmt":"2025-12-14T18:34:07","guid":{"rendered":"https:\/\/www.europesays.com\/se\/105864\/"},"modified":"2025-12-14T18:34:07","modified_gmt":"2025-12-14T18:34:07","slug":"man-hittad-dod-polisen-utreder-mord-i-tierp","status":"publish","type":"post","link":"https:\/\/www.europesays.com\/se\/105864\/","title":{"rendered":"Man hittad d\u00f6d \u2013 polisen utreder mord i Tierp"},"content":{"rendered":"<p class=\"sc-c25743f0-0 sc-e37c0145-2 hObFds DQgPn\">Tidigt p\u00e5 l\u00f6rdagsmorgonen larmades polisen till en bostad i Tierp d\u00e5 en man hittats d\u00f6d, anh\u00f6riga har underr\u00e4ttats. Tidigare under dagen uppgav polisen att man utredde ett grovt brott p\u00e5 platsen. <\/p>\n<p class=\"sc-c25743f0-0 sc-e37c0145-2 hObFds DQgPn\">Polisen uppger att omst\u00e4ndigheter p\u00e5 platsen g\u00f6r att man inte kan utesluta att n\u00e5got brott ligger bakom mannens d\u00f6d \u2013 en f\u00f6runders\u00f6kning g\u00e4llande mord har d\u00e4rf\u00f6r inletts.<\/p>\n<p class=\"sc-c25743f0-0 sc-e37c0145-2 hObFds DQgPn\">Bostaden har sp\u00e4rrats av och en teknisk unders\u00f6kning kommer att genomf\u00f6ras. F\u00f6r att kunna fastst\u00e4lla d\u00f6dsorsaken kommer ocks\u00e5 en r\u00e4ttsmedicinsk unders\u00f6kning att g\u00f6ras. <\/p>\n","protected":false},"excerpt":{"rendered":"Tidigt p\u00e5 l\u00f6rdagsmorgonen larmades polisen till en bostad i Tierp d\u00e5 en man hittats d\u00f6d, anh\u00f6riga har underr\u00e4ttats.&hellip;\n","protected":false},"author":2,"featured_media":77179,"comment_status":"","ping_status":"","sticky":false,"template":"","format":"standard","meta":{"footnotes":""},"categories":[5],"tags":[22,23,26,27,17,21,24,25,28,29,15,16,18,34,31,33,32,30,19,20],"class_list":{"0":"post-105864","1":"post","2":"type-post","3":"status-publish","4":"format-standard","5":"has-post-thumbnail","7":"category-rubriker","8":"tag-breaking-news","9":"tag-breakingnews","10":"tag-featured-news","11":"tag-featurednews","12":"tag-headlines","13":"tag-huvudnyheter","14":"tag-latest-news","15":"tag-latestnews","16":"tag-main-news","17":"tag-mainnews","18":"tag-news","19":"tag-nyheter","20":"tag-rubriker","21":"tag-se","22":"tag-svenska","23":"tag-sverige","24":"tag-sweden","25":"tag-swedish","26":"tag-top-stories","27":"tag-topstories"},"share_on_mastodon":{"url":"https:\/\/pubeurope.com\/@se\/115719363779787757","error":""},"_links":{"self":[{"href":"https:\/\/www.europesays.com\/se\/wp-json\/wp\/v2\/posts\/105864","targetHints":{"allow":["GET"]}}],"collection":[{"href":"https:\/\/www.europesays.com\/se\/wp-json\/wp\/v2\/posts"}],"about":[{"href":"https:\/\/www.europesays.com\/se\/wp-json\/wp\/v2\/types\/post"}],"author":[{"embeddable":true,"href":"https:\/\/www.europesays.com\/se\/wp-json\/wp\/v2\/users\/2"}],"replies":[{"embeddable":true,"href":"https:\/\/www.europesays.com\/se\/wp-json\/wp\/v2\/comments?post=105864"}],"version-history":[{"count":0,"href":"https:\/\/www.europesays.com\/se\/wp-json\/wp\/v2\/posts\/105864\/revisions"}],"wp:featuredmedia":[{"embeddable":true,"href":"https:\/\/www.europesays.com\/se\/wp-json\/wp\/v2\/media\/77179"}],"wp:attachment":[{"href":"https:\/\/www.europesays.com\/se\/wp-json\/wp\/v2\/media?parent=105864"}],"wp:term":[{"taxonomy":"category","embeddable":true,"href":"https:\/\/www.europesays.com\/se\/wp-json\/wp\/v2\/categories?post=105864"},{"taxonomy":"post_tag","embeddable":true,"href":"https:\/\/www.europesays.com\/se\/wp-json\/wp\/v2\/tags?post=105864"}],"curies":[{"name":"wp","href":"https:\/\/api.w.org\/{rel}","templated":true}]}}