{"id":105875,"date":"2025-12-14T18:52:08","date_gmt":"2025-12-14T18:52:08","guid":{"rendered":"https:\/\/www.europesays.com\/se\/105875\/"},"modified":"2025-12-14T18:52:08","modified_gmt":"2025-12-14T18:52:08","slug":"hassleholm-gar-till-val-men-simhallarna-stangs-anda","status":"publish","type":"post","link":"https:\/\/www.europesays.com\/se\/105875\/","title":{"rendered":"H\u00e4ssleholm g\u00e5r till val \u2013 men simhallarna st\u00e4ngs \u00e4nd\u00e5"},"content":{"rendered":"<p>Fr\u00e5gan i omr\u00f6stningen \u00e4r: Vill du att simhallarna i Bj\u00e4rnum och Tyringe ska forts\u00e4tta att drivas \u00e4ven efter att \u00d6ster\u00e5sbadet har \u00f6ppnat?<\/p>\n<p>Folkomr\u00f6stningen kom till efter protester mot beslutet att l\u00e4gga ner simhallarna i Tyringe och Bj\u00e4rnum i b\u00f6rjan av 2024. Det politiska styret i H\u00e4ssleholm menar att simhallarna i Bj\u00e4rnum och Tyringe \u00e4r gamla och driften \u00e4r f\u00f6r dyr.<\/p>\n<p>\u2013 Det skulle f\u00f6rst\u00f6ra hela v\u00e5r budget f\u00f6r n\u00e4sta \u00e5r om vi skulle f\u00f6lja detta, s\u00e4ger kommunalr\u00e5d Joakim Karlsson(M). <\/p>\n<p>Hur mycket har folkomr\u00f6stningen kostat?<\/p>\n<p>\u2013 1,5 miljoner kronor ungef\u00e4r, s\u00e4ger Joakim Karlsson. <\/p>\n<p>Initiativtagarna till folkomr\u00f6stningen menar att beslutet inneb\u00e4r att folk som bor i kransorterna och p\u00e5 landsbygden p\u00e5verkas negativt. <\/p>\n<p>P\u00e5 s\u00f6ndagen den 14 december h\u00f6lls folkomr\u00f6stningen. Men eftersom den bara \u00e4r r\u00e5dgivande, kommer resultatet inte spela n\u00e5gon roll, har <a href=\"https:\/\/www.svt.se\/nyheter\/lokalt\/skane\/politikerna-struntar-i-folkomrostningen-i-hassleholm-smartsamt-for-en-del\" rel=\"nofollow noopener\" target=\"_blank\">politikerna tidigare slagit fast.<\/a><\/p>\n<p>Kontrollr\u00e4knas n\u00e4sta vecka<\/p>\n<p>R\u00f6sterna r\u00e4knas prelimin\u00e4rt i omr\u00f6stningslokalerna p\u00e5 s\u00f6ndagen och p\u00e5 onsdag n\u00e4sta vecka r\u00e4knar valn\u00e4mnden f\u00f6rtidsr\u00f6sterna.<\/p>\n<p>Senast fredagen den 19 december ska ett slutgiltigt resultat vara fastst\u00e4llt, men det \u00e4r m\u00f6jligt att kontrollr\u00e4kningen blir klar innan dess.<\/p>\n<p>I klippet nedan kan du h\u00f6ra Veronica Hejdelind, expert p\u00e5 simhallsfr\u00e5gor och opinionsbildare, om H\u00e4ssleholms beslut att st\u00e4nga badhusen i Tyringe och Bj\u00e4rum. <\/p>\n","protected":false},"excerpt":{"rendered":"Fr\u00e5gan i omr\u00f6stningen \u00e4r: Vill du att simhallarna i Bj\u00e4rnum och Tyringe ska forts\u00e4tta att drivas \u00e4ven efter&hellip;\n","protected":false},"author":2,"featured_media":105876,"comment_status":"","ping_status":"","sticky":false,"template":"","format":"standard","meta":{"footnotes":""},"categories":[12],"tags":[22,23,26,27,17,21,24,25,28,29,15,16,18,34,31,33,32,30,19,20],"class_list":{"0":"post-105875","1":"post","2":"type-post","3":"status-publish","4":"format-standard","5":"has-post-thumbnail","7":"category-sverige","8":"tag-breaking-news","9":"tag-breakingnews","10":"tag-featured-news","11":"tag-featurednews","12":"tag-headlines","13":"tag-huvudnyheter","14":"tag-latest-news","15":"tag-latestnews","16":"tag-main-news","17":"tag-mainnews","18":"tag-news","19":"tag-nyheter","20":"tag-rubriker","21":"tag-se","22":"tag-svenska","23":"tag-sverige","24":"tag-sweden","25":"tag-swedish","26":"tag-top-stories","27":"tag-topstories"},"share_on_mastodon":{"url":"https:\/\/pubeurope.com\/@se\/115719434676253713","error":""},"_links":{"self":[{"href":"https:\/\/www.europesays.com\/se\/wp-json\/wp\/v2\/posts\/105875","targetHints":{"allow":["GET"]}}],"collection":[{"href":"https:\/\/www.europesays.com\/se\/wp-json\/wp\/v2\/posts"}],"about":[{"href":"https:\/\/www.europesays.com\/se\/wp-json\/wp\/v2\/types\/post"}],"author":[{"embeddable":true,"href":"https:\/\/www.europesays.com\/se\/wp-json\/wp\/v2\/users\/2"}],"replies":[{"embeddable":true,"href":"https:\/\/www.europesays.com\/se\/wp-json\/wp\/v2\/comments?post=105875"}],"version-history":[{"count":0,"href":"https:\/\/www.europesays.com\/se\/wp-json\/wp\/v2\/posts\/105875\/revisions"}],"wp:featuredmedia":[{"embeddable":true,"href":"https:\/\/www.europesays.com\/se\/wp-json\/wp\/v2\/media\/105876"}],"wp:attachment":[{"href":"https:\/\/www.europesays.com\/se\/wp-json\/wp\/v2\/media?parent=105875"}],"wp:term":[{"taxonomy":"category","embeddable":true,"href":"https:\/\/www.europesays.com\/se\/wp-json\/wp\/v2\/categories?post=105875"},{"taxonomy":"post_tag","embeddable":true,"href":"https:\/\/www.europesays.com\/se\/wp-json\/wp\/v2\/tags?post=105875"}],"curies":[{"name":"wp","href":"https:\/\/api.w.org\/{rel}","templated":true}]}}