{"id":105896,"date":"2025-12-14T19:10:07","date_gmt":"2025-12-14T19:10:07","guid":{"rendered":"https:\/\/www.europesays.com\/se\/105896\/"},"modified":"2025-12-14T19:10:07","modified_gmt":"2025-12-14T19:10:07","slug":"ett-enda-slag-fran-totalt-avbrott-rysk-kollaps-nara","status":"publish","type":"post","link":"https:\/\/www.europesays.com\/se\/105896\/","title":{"rendered":"\u201dEtt enda slag fr\u00e5n totalt avbrott\u201d \u2013 rysk kollaps n\u00e4ra"},"content":{"rendered":"<p>Diplomater chockade \u2013 \u201dV\u00e4stliga alliansen \u00e4r \u00f6ver\u201d<\/p>\n<p><strong>Chockst\u00e4mning r\u00e5der bland europeiska diplomater.<\/strong><\/p>\n<p>Europeiska diplomater i USA \u00e4r chockade och f\u00f6rtvivlade \u00f6ver hur relationen mellan USA och Europa har utvecklats.<\/p>\n<p>Vissa varnar till och med f\u00f6r att det inte finns n\u00e5gon v\u00e4stlig allians l\u00e4ngre.<\/p>\n<p><strong>\u201dAldrig detsamma igen\u201d<\/strong><\/p>\n<p>Flera diplomater, som v\u00e4ljer att vara anonyma, uttrycker sin desperation till f\u00f6ljd av den nya amerikanska s\u00e4kerhetsstrategin, rapporterar Politico, som har talat med diplomater i samband med julfester p\u00e5 ambassader i Washington.<\/p>\n<p>En diplomat fr\u00e5n ett medelstort land i Europa h\u00e4vdar att det i praktiken inte finns n\u00e5gon v\u00e4stallians l\u00e4ngre.<\/p>\n<p>\u2013 Den v\u00e4stliga alliansen \u00e4r \u00f6ver, s\u00e4ger diplomaten, enligt tidningen.<\/p>\n<p>Reaktionen \u00e4r stark efter att Trump-administrationen g\u00e5tt till en rad angrepp mot europeiska l\u00e4nder.<\/p>\n<p>\u2013 Relationen kommer aldrig att bli densamma igen, till\u00e4gger diplomaten.<\/p>\n<p>M\u00e5nga \u00e4r dock oroliga f\u00f6r att \u00f6ppet visa sitt missn\u00f6je.<\/p>\n<p>\u2013 Det \u00e4r off the record, s\u00e4ger diplomatens r\u00e5dgivare till tidningen.<\/p>\n<p>L\u00c4S OCKS\u00c5: <a style=\"color: #0000ff;\" href=\"https:\/\/ekonomibladet.se\/avslojat-trump-allierad-jobbar-for-rysk-oljejatte\/\" rel=\"nofollow noopener\" target=\"_blank\">AVSL\u00d6JAT: Trump-allierad jobbar f\u00f6r rysk oljej\u00e4tte<\/a><\/p>\n<p><strong>\u201dPolitisk krigsf\u00f6rklaring\u201d<\/strong><\/p>\n<p>R\u00e4dslan f\u00f6r att uttala sig \u00f6ppet har sina sk\u00e4l.<\/p>\n<p>F\u00f6rra m\u00e5naden tvingades exempelvis Belgiens f\u00f6rsvarsattach\u00e9 avg\u00e5 efter att ha beskrivit Trump-administrationen som \u201dpr\u00e4glad av kaos och of\u00f6ruts\u00e4gbarhet\u201d.<\/p>\n<p>USA:s f\u00f6rsvarsminister Pete Hegseth tog illa upp, och f\u00f6rsvarsattach\u00e9n fick l\u00e4mna sin post.<\/p>\n<p>Men m\u00e5nga \u00e4r missn\u00f6jda och st\u00e4mningen \u00e4r dyster bland de europeiska diplomaterna.<\/p>\n<p>EU:s tidigare utrikesrepresentant Josep Borell har beskrivit USA:s nya s\u00e4kerhetsstrategi som en \u201dpolitisk krigsf\u00f6rklaring\u201d.<\/p>\n<p><strong>Vissa \u00e4r hoppfulla<\/strong><\/p>\n<p>Vissa hoppas dock fortfarande p\u00e5 en \u00e5terg\u00e5ng till den v\u00e4rldsordning som g\u00e4llde innan Trump kom till makten.<\/p>\n<p>\u2013 Allt kommer att \u00e5terg\u00e5 till det normala om tv\u00e5 \u00e5r n\u00e4r det finns en ny president, s\u00e4ger en bitr\u00e4dande missionschef fr\u00e5n ett syd\u00f6steuropeiskt land till tidningen.<\/p>\n<p>En annan diplomat hoppas att Trump-administrationens angrepp p\u00e5 Europa kan st\u00e4rka EU, och menar att det kanske rent av \u00e4r det som \u00e4r Trumps syfte.<\/p>\n<p>\u2013 Han kanske g\u00f6r oss en tj\u00e4nst genom att uppmuntra oss att bli starkare, mer kapabla allierade, s\u00e4ger k\u00e4llan, dock med viss tvekan, enligt tidningen.<\/p>\n<p>L\u00c4S OCKS\u00c5: <a style=\"color: #0000ff;\" href=\"https:\/\/ekonomibladet.se\/kreml-bekraftar-bara-da-kan-det-bli-vapenvila\/\" rel=\"nofollow noopener\" target=\"_blank\">Kreml bekr\u00e4ftar &#8211; &#8221;Bara d\u00e5 kan det bli vapenvila&#8221;<\/a><\/p>\n<p>Foto: <a style=\"color: #0000ff;\" href=\"https:\/\/www.president.gov.ua\/\" rel=\"nofollow noopener\" target=\"_blank\">President of Ukraine Office<\/a><\/p>\n<p>Text: Redaktionen<\/p>\n","protected":false},"excerpt":{"rendered":"Diplomater chockade \u2013 \u201dV\u00e4stliga alliansen \u00e4r \u00f6ver\u201d Chockst\u00e4mning r\u00e5der bland europeiska diplomater. Europeiska diplomater i USA \u00e4r chockade&hellip;\n","protected":false},"author":2,"featured_media":105897,"comment_status":"","ping_status":"","sticky":false,"template":"","format":"standard","meta":{"footnotes":""},"categories":[69],"tags":[113,112,34,31,33,32,30],"class_list":{"0":"post-105896","1":"post","2":"type-post","3":"status-publish","4":"format-standard","5":"has-post-thumbnail","7":"category-halsa","8":"tag-halsa","9":"tag-health","10":"tag-se","11":"tag-svenska","12":"tag-sverige","13":"tag-sweden","14":"tag-swedish"},"share_on_mastodon":{"url":"https:\/\/pubeurope.com\/@se\/115719505457348994","error":""},"_links":{"self":[{"href":"https:\/\/www.europesays.com\/se\/wp-json\/wp\/v2\/posts\/105896","targetHints":{"allow":["GET"]}}],"collection":[{"href":"https:\/\/www.europesays.com\/se\/wp-json\/wp\/v2\/posts"}],"about":[{"href":"https:\/\/www.europesays.com\/se\/wp-json\/wp\/v2\/types\/post"}],"author":[{"embeddable":true,"href":"https:\/\/www.europesays.com\/se\/wp-json\/wp\/v2\/users\/2"}],"replies":[{"embeddable":true,"href":"https:\/\/www.europesays.com\/se\/wp-json\/wp\/v2\/comments?post=105896"}],"version-history":[{"count":0,"href":"https:\/\/www.europesays.com\/se\/wp-json\/wp\/v2\/posts\/105896\/revisions"}],"wp:featuredmedia":[{"embeddable":true,"href":"https:\/\/www.europesays.com\/se\/wp-json\/wp\/v2\/media\/105897"}],"wp:attachment":[{"href":"https:\/\/www.europesays.com\/se\/wp-json\/wp\/v2\/media?parent=105896"}],"wp:term":[{"taxonomy":"category","embeddable":true,"href":"https:\/\/www.europesays.com\/se\/wp-json\/wp\/v2\/categories?post=105896"},{"taxonomy":"post_tag","embeddable":true,"href":"https:\/\/www.europesays.com\/se\/wp-json\/wp\/v2\/tags?post=105896"}],"curies":[{"name":"wp","href":"https:\/\/api.w.org\/{rel}","templated":true}]}}