{"id":105903,"date":"2025-12-14T19:17:17","date_gmt":"2025-12-14T19:17:17","guid":{"rendered":"https:\/\/www.europesays.com\/se\/105903\/"},"modified":"2025-12-14T19:17:17","modified_gmt":"2025-12-14T19:17:17","slug":"smhi-presenterar-arets-julprognos-for-hela-landet","status":"publish","type":"post","link":"https:\/\/www.europesays.com\/se\/105903\/","title":{"rendered":"SMHI presenterar \u00e5rets julprognos f\u00f6r hela landet"},"content":{"rendered":"<p>Publicerad 14 dec 2025 kl 15.32Uppdaterad kl 18.56<\/p>\n<p>Tio dagar kvar till julafton och ett gr\u00e5ruskigt t\u00e4cke ligger \u00f6ver Sverige.<\/p>\n<p>Nu finns den f\u00f6rsta prognosen fr\u00e5n SMHI f\u00f6r julen.<\/p>\n<p>F\u00f6r stora delar av Sverige ser det dystert ut \u2013 men det finns hopp om en v\u00e4ndning.<\/p>\n<p>Senaste nyhetsklippen fr\u00e5n Expressen.<img   alt=\"\"\/><\/p>\n<p>Stora delar av Sverige verkar f\u00e5 en jul utan sn\u00f6.<\/p>\n<p>Foto: Matilda Holmqvist \/ Scandinav \/ TT NYHETSBYR\u00c5N<\/p>\n<p>\u00d6ppna bild i helsk\u00e4rm<\/p>\n<p>Dr\u00f6mmen om en vit jul ser ut att bli just en dr\u00f6m. Med tio dagar kvar till julafton verkar det r\u00e4tt troligt att det gr\u00e5a rusket forts\u00e4tter f\u00f6r stora delar av landet.<\/p>\n<p>\u2013 Stora delar av Norrlandsinland och fj\u00e4lltrakter l\u00e4r, tack vare de decimeter som redan ligger, kunna f\u00e5 en vit jul. Desto mer os\u00e4kert \u00e4r det s\u00e5 klart s\u00f6der d\u00e4rom, men ocks\u00e5 <a href=\"https:\/\/www.expressen.se\/tagg\/location\/norrland\/\" class=\"\" rel=\"nofollow noopener\" target=\"_blank\">Norrlands<\/a> kustland, s\u00e4ger Erik H\u00f6jg\u00e5rd-Olsen, meteorolog p\u00e5 SMHI.<\/p>\n<p>Artikeln i korthet<\/p>\n<p> Dr\u00f6mmen om en vit jul ser ut att spricka f\u00f6r stora delar av Sverige.<\/p>\n<p> SMHI:s prognos visar fortsatt gr\u00e5v\u00e4der \u2013 men hopp om sn\u00f6 finns kvar.<\/p>\n<p> Kall luft kan \u00f6verraska lagom till jul.<\/p>\n<p>Visa mer<\/p>\n<p>Norrlands kustland kommer att f\u00e5 ett par sn\u00f6fall innan jul, men p\u00e5 grund av milda temperaturer \u00e4r det inte s\u00e4kert att sn\u00f6n ligger kvar.<\/p>\n<p>\u2013 F\u00f6r norrlands kustland handlar det om temperaturer kring noll grader eller bara n\u00e5gon enstaka minusgrad. Sn\u00f6fall och regn kommer att komma om vartannat och d\u00e5 ocks\u00e5 portioner med mild luft, s\u00e4ger Erik H\u00f6jg\u00e5rd-Olsen.\u00a0<\/p>\n<p>S\u00f6der om Norrland \u00e4r det en dyster prognos f\u00f6r julen.<\/p>\n<p>\u2013 Det ska mycket till f\u00f6r att det ska bli en vit jul, s\u00e4ger Erik H\u00f6jg\u00e5rd-Olsen.<\/p>\n<p>Hoppet \u2013 kall luft fr\u00e5n norr<\/p>\n<p>Erik H\u00f6jg\u00e5rd-Olsen menar dock att det \u00e4r en tid kvar innan jul och med det finns en viss os\u00e4kerhet kring prognosen.<\/p>\n<p>Det finns till exempel en liten m\u00f6jlighet att v\u00e4dret skiftar n\u00e4sta s\u00f6ndag och att kall luft drar in fr\u00e5n Norra ishavet till julveckan.\u00a0<\/p>\n<p>\u2013 Den ser \u00e4n s\u00e5 l\u00e4nge inte ut att leta sig s\u00f6derut mot Sverige, men p\u00e5 tio dygns sikt kan det h\u00e4nda en del med prognosen. Men den ska ta sig l\u00e5ngt s\u00f6derut f\u00f6r att det ska bli en vit jul i s\u00f6dra Sverige, s\u00e4ger Erik H\u00f6jg\u00e5rd-Olsen.<\/p>\n","protected":false},"excerpt":{"rendered":"Publicerad 14 dec 2025 kl 15.32Uppdaterad kl 18.56 Tio dagar kvar till julafton och ett gr\u00e5ruskigt t\u00e4cke ligger&hellip;\n","protected":false},"author":2,"featured_media":105904,"comment_status":"","ping_status":"","sticky":false,"template":"","format":"standard","meta":{"footnotes":""},"categories":[5],"tags":[22,23,26,27,17,21,24,25,282,212,28,29,15,16,288,18,34,281,31,33,32,30,19,2830,290,20],"class_list":{"0":"post-105903","1":"post","2":"type-post","3":"status-publish","4":"format-standard","5":"has-post-thumbnail","7":"category-rubriker","8":"tag-breaking-news","9":"tag-breakingnews","10":"tag-featured-news","11":"tag-featurednews","12":"tag-headlines","13":"tag-huvudnyheter","14":"tag-latest-news","15":"tag-latestnews","16":"tag-location-norrland","17":"tag-location-sverige","18":"tag-main-news","19":"tag-mainnews","20":"tag-news","21":"tag-nyheter","22":"tag-organization-smhi","23":"tag-rubriker","24":"tag-se","25":"tag-sections-vader","26":"tag-svenska","27":"tag-sverige","28":"tag-sweden","29":"tag-swedish","30":"tag-top-stories","31":"tag-topic-jul","32":"tag-topic-vaderprognos","33":"tag-topstories"},"share_on_mastodon":{"url":"https:\/\/pubeurope.com\/@se\/115719532920324302","error":""},"_links":{"self":[{"href":"https:\/\/www.europesays.com\/se\/wp-json\/wp\/v2\/posts\/105903","targetHints":{"allow":["GET"]}}],"collection":[{"href":"https:\/\/www.europesays.com\/se\/wp-json\/wp\/v2\/posts"}],"about":[{"href":"https:\/\/www.europesays.com\/se\/wp-json\/wp\/v2\/types\/post"}],"author":[{"embeddable":true,"href":"https:\/\/www.europesays.com\/se\/wp-json\/wp\/v2\/users\/2"}],"replies":[{"embeddable":true,"href":"https:\/\/www.europesays.com\/se\/wp-json\/wp\/v2\/comments?post=105903"}],"version-history":[{"count":0,"href":"https:\/\/www.europesays.com\/se\/wp-json\/wp\/v2\/posts\/105903\/revisions"}],"wp:featuredmedia":[{"embeddable":true,"href":"https:\/\/www.europesays.com\/se\/wp-json\/wp\/v2\/media\/105904"}],"wp:attachment":[{"href":"https:\/\/www.europesays.com\/se\/wp-json\/wp\/v2\/media?parent=105903"}],"wp:term":[{"taxonomy":"category","embeddable":true,"href":"https:\/\/www.europesays.com\/se\/wp-json\/wp\/v2\/categories?post=105903"},{"taxonomy":"post_tag","embeddable":true,"href":"https:\/\/www.europesays.com\/se\/wp-json\/wp\/v2\/tags?post=105903"}],"curies":[{"name":"wp","href":"https:\/\/api.w.org\/{rel}","templated":true}]}}