{"id":105924,"date":"2025-12-14T19:36:17","date_gmt":"2025-12-14T19:36:17","guid":{"rendered":"https:\/\/www.europesays.com\/se\/105924\/"},"modified":"2025-12-14T19:36:17","modified_gmt":"2025-12-14T19:36:17","slug":"10-ar-sedan-the-force-awakens-har-ar-historien-bakom-storfilmen","status":"publish","type":"post","link":"https:\/\/www.europesays.com\/se\/105924\/","title":{"rendered":"10 \u00e5r sedan &#8221;The Force Awakens&#8221; &#8211; h\u00e4r \u00e4r historien bakom storfilmen"},"content":{"rendered":"<p>Tro det eller ej, men nu \u00e4r det tio \u00e5r sedan den f\u00f6rsta av de nya \u201dStar Wars\u201d-filmerna sl\u00e4pptes. <\/p>\n<p>Den 16 december 2015 gick filmen upp p\u00e5 bio och blev snabbt en favorit hos m\u00e5nga. Efter de m\u00e5ngt och mycket bespottade prequel-filmerna som sl\u00e4pptes mellan 1999 och 2005 tycktes nytt liv ha bl\u00e5sts i den gamla sci-fi-serien. <\/p>\n<p>P\u00e5 sina h\u00e5ll har man visserligen best\u00e4mt sig f\u00f6r att ogilla serien efterhand, men det \u00e4ndrar inte faktumet att <a href=\"https:\/\/www.moviezine.se\/movies\/star-wars-the-force-awakens\" rel=\"nofollow noopener\" target=\"_blank\"><strong>\u201dStar Wars: The Force Awakens\u201d<\/strong><\/a> blev en om\u00e5ttlig succ\u00e9, b\u00e5de hos kritiker och sett till bioint\u00e4kter.<\/p>\n<p>Historien som ledde fram till filmen \u00e4r mycket sp\u00e4nnande att kolla tillbaka p\u00e5, s\u00e5 jag t\u00e4nkte att ett litet retroperspektiv \u00e4r i sin ordning!<\/p>\n<p>George Lucas s\u00e4ljer Lucasfilm till Disney (2012)<\/p>\n<p><img loading=\"lazy\" height=\"412\" width=\"648\" class=\"wp-image-707558 sp-no-webp perfmatters-lazy\" alt=\"\" decoding=\"async\" src=\"https:\/\/www.europesays.com\/se\/wp-content\/uploads\/2025\/12\/george-lucas-648x412.jpg\"  data-\/> <\/p>\n<p>George Lucas f\u00f6rvaltade \u201dStar Wars\u201d mellan 1977 och 2012, d\u00e4r han regisserade fyra av sex filmer. Han var tydlig, \u201ddet finns ingen Episod 7 och ingen annan \u00e4n mig kommer g\u00f6ra \u201dStar Wars\u201d\u201d, sa regiss\u00f6ren i tv-programmet \u201d60 minutes\u201d hos <a href=\"https:\/\/www.cbsnews.com\/news\/george-lucas-in-2005-there-is-no-episode-seven\/\" rel=\"nofollow noopener\" target=\"_blank\">CBS<\/a> \u00e5r 2005.<\/p>\n<p>S\u00e5 blev det visserligen inte, f\u00f6r den 30 oktober 2012 annonserades det att Lucas s\u00e5lt sitt filmbolag Lucasfilm till Disney. I samma veva var man \u00e4ven tydliga med att en \u201dStar Wars Episode VII\u201d kommer att sl\u00e4ppas. En chockv\u00e5g drog sig genom filmv\u00e4rlden, d\u00e4r m\u00e5nga var glada, men samtidigt f\u00f6rsiktigt optimistiska efter tidigare trilogins svala mottagande.<\/p>\n<p>L\u00e4s ocks\u00e5: <a href=\"https:\/\/www.moviezine.se\/nyheter\/forsta-reaktionerna-hyllar-avatar-fire-and-ash-ett-visuellt-masterverk\" title=\"Kritiker hyllar \u201dAvatar: Fire and Ash\u201d som ett \u201dvisuellt m\u00e4sterverk\u201d \u2013 men pekar ut ett stort problem\" class=\"underline-custom !font-montserrat !font-bold !underline-offset-4 !decoration-4 !decoration-moviezine-green !text-md\" rel=\"nofollow noopener\" target=\"_blank\">Kritiker hyllar \u201dAvatar: Fire and Ash\u201d som ett \u201dvisuellt m\u00e4sterverk\u201d \u2013 men pekar ut ett stort problem<\/a><\/p>\n<p>L\u00e4s ocks\u00e5: <a href=\"https:\/\/www.moviezine.se\/nyheter\/ny-poster-har-slappts-for-the-mandalorian-grogu\" title=\"Baby Yoda tittar fram p\u00e5 nya postern f\u00f6r \u201dThe Mandalorian &amp; Grogu\u201d\" class=\"underline-custom !font-montserrat !font-bold !underline-offset-4 !decoration-4 !decoration-moviezine-green !text-md\" rel=\"nofollow noopener\" target=\"_blank\">Baby Yoda tittar fram p\u00e5 nya postern f\u00f6r \u201dThe Mandalorian &amp; Grogu\u201d<\/a><\/p>\n<p>Sk\u00e5despelare och regiss\u00f6r annonseras (2013-2014)<\/p>\n<p><img loading=\"lazy\" height=\"362\" width=\"648\" class=\"wp-image-707560 sp-no-webp perfmatters-lazy\" alt=\"\" decoding=\"async\" src=\"https:\/\/www.europesays.com\/se\/wp-content\/uploads\/2025\/12\/jj-abrams-648x362.jpg\"  data-\/> <\/p>\n<p>Vem skulle regissera den nya filmen, nu n\u00e4r Lucas var ute ur bilden? Under flera m\u00e5nader spekulerades det och i januari 2013 stod det klart att det blev <strong>J.J. Abrams<\/strong>. <\/p>\n<p>Abrams hade, f\u00f6rutom flera hyllade tv-serier, tidigare jobbat med nostalgiska \u00e4ventyrsfilmer i form av \u201dSuper 8\u201d och faktiskt episka rymdoperor med tv\u00e5 \u201dStar Trek\u201d-filmer sl\u00e4ppta mellan 2009 och 2013. Han tycktes vara r\u00e4tt man f\u00f6r jobbet och n\u00e5gon som kunde axla en \u00e5terg\u00e5ng till 80-talets matin\u00e9filmer. <\/p>\n<p>Lite mer \u00e4n ett \u00e5r senare, den 29 april 2014, annonserades dessutom sk\u00e5despelarna som skulle bli n\u00e4sta generations hj\u00e4ltar. P\u00e5 den <a href=\"https:\/\/www.starwars.com\/news\/star-wars-episode-vii-cast-announced\" rel=\"nofollow noopener\" target=\"_blank\">officiella Star Wars-hemsidan<\/a> kungjorde man att <strong>John Boyega, Daisy Ridley, Adam Driver, Oscar Isaac, Andy Serkis, Domhnall Gleeson <\/strong>och<strong> Max von Sydow<\/strong> skulle g\u00f6ra legendarerna <strong>Mark Hamill, Harrison Ford, Carrie Fisher, Peter Mayhew, Kenny Baker<\/strong> och <strong>Anthony Daniels <\/strong>s\u00e4llskap.<\/p>\n<p>Filmens titel och f\u00f6rsta trailern (2014)<\/p>\n<p><img loading=\"lazy\" height=\"365\" width=\"648\" class=\"wp-image-707561 sp-no-webp perfmatters-lazy\" alt=\"\" decoding=\"async\" src=\"https:\/\/www.europesays.com\/se\/wp-content\/uploads\/2025\/12\/force-awakens-trailer.millenium-falcon-648x365.jpg\"  data-\/> <\/p>\n<p>Den 6 november 2014 avsl\u00f6jades \u00e4ntligen vad filmen faktiskt skulle heta. \u201dThe Force Awakens\u201d-blev titeln, som annonserades i samband med att filmens inspelningar blev f\u00e4rdiga. <\/p>\n<p>Senare i november fick filmen dessutom sin f\u00f6rsta teaster trailer. Inte mycket avsl\u00f6jades h\u00e4r, men tillr\u00e4ckligt f\u00f6r att bygga upp hype inf\u00f6r filmen med sina udda karakt\u00e4rer. M\u00e5naden d\u00e4refter, den 11 december, avsl\u00f6jades karakt\u00e4rernas namn i <a href=\"https:\/\/ew.com\/gallery\/star-wars-force-awakens-character-names-revealed-new-trading-cards\/\" rel=\"nofollow noopener\" target=\"_blank\">Entertainment Weekly<\/a>. Den gulliga roboten BB-8, piloten Poe Dameron, en ung kvinna vid namn Rey som \u00e5ker p\u00e5 en speeder-bike, en man i Stormtrooper rustning vid namn Finn och nya skurken Kylo Ren (vars sk\u00e5despelare \u00e4nnu ej var avsl\u00f6jad).<\/p>\n<p>Filmen sl\u00e4pps (2015)<\/p>\n<p><img loading=\"lazy\" height=\"432\" width=\"648\" class=\"wp-image-707583 sp-no-webp perfmatters-lazy\" alt=\"\" decoding=\"async\" src=\"https:\/\/www.europesays.com\/se\/wp-content\/uploads\/2025\/12\/force-awakens-648x432.jpg\"  data-\/> <\/p>\n<p>\u00c5ret gick och hypet trappades upp alltmer. Leksaker, promo-videos och eviga spekulationer. \u201dStar Wars\u201d-febern var \u00e5ter ett faktum. Den 20 oktober 2015 sl\u00e4pptes en sista episk trailer f\u00f6r filmen, i vilken vi fick \u00e5terbes\u00f6ka Han Solo som ber\u00e4ttade om de gamla tiderna och lite mer insikt i Kylo Rens motivationer. J.J. Abrams hade tidigare pratat om en \u00e5terg\u00e5ng till praktiska effekter och en mer organisk k\u00e4nsla och av allt vi sett verkade s\u00e5 blir fallet. (via <a href=\"https:\/\/screenrant.com\/star-wars-7-jj-abrams-interview\/\" rel=\"nofollow noopener\" target=\"_blank\">Screen Rant<\/a>)<\/p>\n<p>Den 16 december 2015 blev f\u00f6rst\u00e5s en historisk dag. \u201dStar Wars. The Force Awakens\u201d gick upp p\u00e5 svenska biodukar och blev med sina <strong>113 187<\/strong> <strong>biobes\u00f6k<\/strong> den <a href=\"https:\/\/www.moviezine.se\/nyheter\/sa-manga-sag-the-force-awakens-pa-premiardagen\" rel=\"nofollow noopener\" target=\"_blank\">st\u00f6rsta \u00f6ppningsdagen n\u00e5gonsin i Sverige<\/a>. Totalt drog filmen in <a href=\"https:\/\/www.moviezine.se\/nyheter\/star-wars-the-force-awakens-har-nu-dragit-in-2-miljarder-dollar\" rel=\"nofollow noopener\" target=\"_blank\">2 miljarder dollar v\u00e4rlden \u00f6ver<\/a>. Den \u00e4r s\u00e5ledes den femte mest inkomstbringande filmen genom tiderna.<\/p>\n<p>Lyckades filmen \u00e5teruppliva \u201dStar Wars\u201d?<\/p>\n<p>Men, om vi bortser fr\u00e5n kassaint\u00e4kter \u2013 fr\u00e5gan alla v\u00e4ntade sp\u00e4nt p\u00e5, blev filmen bra? Kort sagt, ja, skulle nog de flesta s\u00e4ga. <\/p>\n<p>\u201dStar Wars: The Force Awakens\u201d hyllades f\u00f6r sin \u00e5terg\u00e5ng till den klassiska trilogins och estetik och de nya sk\u00e5despelarna tillika karakt\u00e4rerna ber\u00f6mdes. Viss kritik fanns g\u00e4llande att filmen f\u00f6ljde samma ber\u00e4ttandem\u00f6nster som 1977 \u00e5rs \u201dStj\u00e4rnornas krig\u201d, men \u00e4rligt talat, vad ska man annars f\u00f6rv\u00e4nta sig i denna typ av legacy-uppf\u00f6ljare?<\/p>\n<p>Hela 93 % landade de p\u00e5 hos Rotten Tomatoes. \u201dFilmen \u00e4r packad med s\u00e5v\u00e4l action som klassiska karakt\u00e4rer och nytt blod. \u201dThe Force Awakens\u201d hyllar det som varit och ger franchisen ny energi\u201d, s\u00e4ger sidans konsensus. <\/p>\n<p>Hos IMDb befann sig filmen under l\u00e5ng tid p\u00e5 sidans topp 250-lista \u00f6ver tidernas b\u00e4sta filmer och hos oss p\u00e5 Moviezine blev det inget annat \u00e4n <a href=\"https:\/\/www.moviezine.se\/recensioner\/star-wars-ar-antligen-tillbaka\" rel=\"nofollow noopener\" target=\"_blank\">toppbetyg f\u00f6r den nya \u201dStar Wars\u201d<\/a>. \u201dInte bara en grandios \u00f6ppning p\u00e5 en ny trilogi, det \u00e4r en av \u00e5rets b\u00e4sta filmer oavsett genre. Total eufori f\u00f6r alla fans (\u2026) \u201dThe Force Awakens\u201d har hittat exakt r\u00e4tt sk\u00e5disar till sina roller\u201d.<\/p>\n<p>\u201dStar Wars\u201d var \u00e4ntligen tillbaka och det med bravur! <\/p>\n<p>Grattis p\u00e5 10-\u00e5rsdagen, \u201dThe Force Awakens\u201d.<\/p>\n<p>L\u00e4s ocks\u00e5: <a href=\"https:\/\/www.moviezine.se\/nyheter\/one-battle-after-another-vinner-basta-film-vid-gotham-awards-2025-oscars-nasta\" title=\"\u201dOne Battle After Another\u201d vinner B\u00e4sta film vid Gotham Awards 2025 \u2013 Oscars n\u00e4sta?\" class=\"underline-custom !font-montserrat !font-bold !underline-offset-4 !decoration-4 !decoration-moviezine-green !text-md\" rel=\"nofollow noopener\" target=\"_blank\">\u201dOne Battle After Another\u201d vinner B\u00e4sta film vid Gotham Awards 2025 \u2013 Oscars n\u00e4sta?<\/a><\/p>\n<p>L\u00e4s ocks\u00e5: <a href=\"https:\/\/www.moviezine.se\/nyheter\/the-rise-of-skywalker-5-ar-senare\" title=\"F\u00f6r 5 \u00e5r sedan avslutades Star Wars-sagan. D\u00e4rf\u00f6r \u00e4r \u201dThe Rise of Skywalker\u201d b\u00e4ttre \u00e4n sitt rykte\" class=\"underline-custom !font-montserrat !font-bold !underline-offset-4 !decoration-4 !decoration-moviezine-green !text-md\" rel=\"nofollow noopener\" target=\"_blank\">F\u00f6r 5 \u00e5r sedan avslutades Star Wars-sagan. D\u00e4rf\u00f6r \u00e4r \u201dThe Rise of Skywalker\u201d b\u00e4ttre \u00e4n sitt rykte<\/a><\/p>\n","protected":false},"excerpt":{"rendered":"Tro det eller ej, men nu \u00e4r det tio \u00e5r sedan den f\u00f6rsta av de nya \u201dStar Wars\u201d-filmerna&hellip;\n","protected":false},"author":2,"featured_media":105925,"comment_status":"","ping_status":"","sticky":false,"template":"","format":"standard","meta":{"footnotes":""},"categories":[67],"tags":[104,11852,34,3897,31,33,32,30,105],"class_list":{"0":"post-105924","1":"post","2":"type-post","3":"status-publish","4":"format-standard","5":"has-post-thumbnail","7":"category-underhallning","8":"tag-entertainment","9":"tag-langlasning","10":"tag-se","11":"tag-star-wars","12":"tag-svenska","13":"tag-sverige","14":"tag-sweden","15":"tag-swedish","16":"tag-underhallning"},"share_on_mastodon":{"url":"https:\/\/pubeurope.com\/@se\/115719607868292969","error":""},"_links":{"self":[{"href":"https:\/\/www.europesays.com\/se\/wp-json\/wp\/v2\/posts\/105924","targetHints":{"allow":["GET"]}}],"collection":[{"href":"https:\/\/www.europesays.com\/se\/wp-json\/wp\/v2\/posts"}],"about":[{"href":"https:\/\/www.europesays.com\/se\/wp-json\/wp\/v2\/types\/post"}],"author":[{"embeddable":true,"href":"https:\/\/www.europesays.com\/se\/wp-json\/wp\/v2\/users\/2"}],"replies":[{"embeddable":true,"href":"https:\/\/www.europesays.com\/se\/wp-json\/wp\/v2\/comments?post=105924"}],"version-history":[{"count":0,"href":"https:\/\/www.europesays.com\/se\/wp-json\/wp\/v2\/posts\/105924\/revisions"}],"wp:featuredmedia":[{"embeddable":true,"href":"https:\/\/www.europesays.com\/se\/wp-json\/wp\/v2\/media\/105925"}],"wp:attachment":[{"href":"https:\/\/www.europesays.com\/se\/wp-json\/wp\/v2\/media?parent=105924"}],"wp:term":[{"taxonomy":"category","embeddable":true,"href":"https:\/\/www.europesays.com\/se\/wp-json\/wp\/v2\/categories?post=105924"},{"taxonomy":"post_tag","embeddable":true,"href":"https:\/\/www.europesays.com\/se\/wp-json\/wp\/v2\/tags?post=105924"}],"curies":[{"name":"wp","href":"https:\/\/api.w.org\/{rel}","templated":true}]}}