{"id":105935,"date":"2025-12-14T19:46:36","date_gmt":"2025-12-14T19:46:36","guid":{"rendered":"https:\/\/www.europesays.com\/se\/105935\/"},"modified":"2025-12-14T19:46:36","modified_gmt":"2025-12-14T19:46:36","slug":"rantesmocka-vantar-nasta-ar-lanen-blir-dyrare","status":"publish","type":"post","link":"https:\/\/www.europesays.com\/se\/105935\/","title":{"rendered":"R\u00e4ntesmocka v\u00e4ntar n\u00e4sta \u00e5r: \u201dL\u00e5nen blir dyrare\u201d"},"content":{"rendered":"<p>Vid \u00e5rsskiftet f\u00f6rsvinner avdragsr\u00e4tten helt f\u00f6r l\u00e5n utan s\u00e4kerhet, s\u00e5 kallade blancol\u00e5n. Enligt Skatteverkets uppskattning sitter totalt 5,8 miljoner svenskar p\u00e5 den sortens l\u00e5n och riskerar d\u00e4rmed att f\u00e5 en riktig kalldusch, varnar Compricers sparekonom Christina Sahlberg.<\/p>\n<p>\u2013 De h\u00e4r l\u00e5nen \u00e4r redan i\u202fdag ganska dyra och med h\u00f6ga r\u00e4ntor. Nu blir det mycket dyrare och jag tror att det \u00e4r m\u00e5nga som inte vet om detta, s\u00e4ger hon till TT. <\/p>\n<p>Sahlberg uppmanar att se \u00f6ver, flytta eller sl\u00e5 ihop l\u00e5n f\u00f6r att s\u00e4nka r\u00e4ntekostnaderna. Om m\u00f6jlighet finns \u00e4r \u00e4ven amortering p\u00e5 l\u00e5nen ett bra alternativ, forts\u00e4tter hon. <\/p>\n<p>Omni \u00e4r politiskt obundna och oberoende. Vi str\u00e4var efter att ge fler perspektiv p\u00e5 nyheterna. Har du fr\u00e5gor eller synpunkter kring v\u00e5r rapportering? <a href=\"https:\/\/omni.se\/rantesmocka-vantar-nasta-ar-lanen-blir-mycket-dyrare\/a\/mailto:redaktion@omni.se\" class=\"ArticleActions_contactLink__W2F1M\" rel=\"nofollow noopener\" target=\"_blank\">Kontakta redaktionen<\/a><\/p>\n","protected":false},"excerpt":{"rendered":"Vid \u00e5rsskiftet f\u00f6rsvinner avdragsr\u00e4tten helt f\u00f6r l\u00e5n utan s\u00e4kerhet, s\u00e5 kallade blancol\u00e5n. Enligt Skatteverkets uppskattning sitter totalt 5,8&hellip;\n","protected":false},"author":2,"featured_media":105936,"comment_status":"","ping_status":"","sticky":false,"template":"","format":"standard","meta":{"footnotes":""},"categories":[65],"tags":[11853,338,72,319,70,71,339,349,34,31,33,32,30],"class_list":{"0":"post-105935","1":"post","2":"type-post","3":"status-publish","4":"format-standard","5":"has-post-thumbnail","7":"category-ekonomi","8":"tag-amortering","9":"tag-bank","10":"tag-business","11":"tag-christina-sahlberg","12":"tag-economy","13":"tag-ekonomi","14":"tag-finans-forsakring","15":"tag-privatekonomi","16":"tag-se","17":"tag-svenska","18":"tag-sverige","19":"tag-sweden","20":"tag-swedish"},"share_on_mastodon":{"url":"https:\/\/pubeurope.com\/@se\/115719646947373676","error":""},"_links":{"self":[{"href":"https:\/\/www.europesays.com\/se\/wp-json\/wp\/v2\/posts\/105935","targetHints":{"allow":["GET"]}}],"collection":[{"href":"https:\/\/www.europesays.com\/se\/wp-json\/wp\/v2\/posts"}],"about":[{"href":"https:\/\/www.europesays.com\/se\/wp-json\/wp\/v2\/types\/post"}],"author":[{"embeddable":true,"href":"https:\/\/www.europesays.com\/se\/wp-json\/wp\/v2\/users\/2"}],"replies":[{"embeddable":true,"href":"https:\/\/www.europesays.com\/se\/wp-json\/wp\/v2\/comments?post=105935"}],"version-history":[{"count":0,"href":"https:\/\/www.europesays.com\/se\/wp-json\/wp\/v2\/posts\/105935\/revisions"}],"wp:featuredmedia":[{"embeddable":true,"href":"https:\/\/www.europesays.com\/se\/wp-json\/wp\/v2\/media\/105936"}],"wp:attachment":[{"href":"https:\/\/www.europesays.com\/se\/wp-json\/wp\/v2\/media?parent=105935"}],"wp:term":[{"taxonomy":"category","embeddable":true,"href":"https:\/\/www.europesays.com\/se\/wp-json\/wp\/v2\/categories?post=105935"},{"taxonomy":"post_tag","embeddable":true,"href":"https:\/\/www.europesays.com\/se\/wp-json\/wp\/v2\/tags?post=105935"}],"curies":[{"name":"wp","href":"https:\/\/api.w.org\/{rel}","templated":true}]}}