{"id":105947,"date":"2025-12-14T19:57:39","date_gmt":"2025-12-14T19:57:39","guid":{"rendered":"https:\/\/www.europesays.com\/se\/105947\/"},"modified":"2025-12-14T19:57:39","modified_gmt":"2025-12-14T19:57:39","slug":"trender-och-politik-maste-ut-ur-skolan","status":"publish","type":"post","link":"https:\/\/www.europesays.com\/se\/105947\/","title":{"rendered":"Trender och politik m\u00e5ste ut ur skolan"},"content":{"rendered":"<p>De svenska skolmyndigheterna brister i sitt uppdrag att sammanst\u00e4lla v\u00e4gledande kunskap och bevisad forskning som st\u00f6d f\u00f6r undervisningen. Det skriver en rad skolforskare vid bland annat universiteten i Uppsala, Lund och Stockholm p\u00e5 SvD Debatt. <\/p>\n<p>Samma typ av kritik riktas \u00e4ven mot myndigheterna i en f\u00e4rsk rapport fr\u00e5n Riksrevisionen. <\/p>\n<p>\u201dRapporten pekar p\u00e5 en central orsak till skolans utmaningar: skolan har aldrig f\u00e5tt en \u00e4rlig chans att f\u00e5nga upp och anv\u00e4nda de arbetss\u00e4tt som enligt vetenskapen fungerar b\u00e4st\u201d, skriver forskarna. <\/p>\n<p>I\u202fst\u00e4llet till\u00e5ts \u201dhastiga politiska vindar och kortlivade trender\u201d styra i skolv\u00e4rlden, n\u00e5got som de menar aldrig skulle till\u00e5tas inom exempelvis v\u00e5rden. <\/p>\n<p>De f\u00f6resl\u00e5r fem \u00e5tg\u00e4rder som syftar till att f\u00f6rb\u00e4ttra arbetet, d\u00e4ribland att ge l\u00e4rare och l\u00e4rarstudenter b\u00e4ttre kunskap i vetenskaplig metodik.<\/p>\n<p>Om debatt\u00f6rerna<\/p>\n<p>Viktor Kaldo<br \/>Linda F\u00e4lth<br \/>Jonas Linderoth<br \/>Agneta Gulz<br \/>Ekaterina Ivanova<br \/>Martin Karlberg<br \/>Lise Pettersson Roll<br \/>Magnus Johansson<br \/>Andr\u00e9 Kalmendal Bruns<br \/>Thomas Nordstr\u00f6m<br \/>Dariush Djamnezhad<br \/>Hampus Bejn\u00f6<br \/>Rickard Carlsson<br \/>Magnus Haake<br \/>Martin Hassler Hallstedt<br \/>Gustav Nilsson<br \/>Josef Milerad<br \/>Idor Svensson<br \/>Natalie Hyltse<br \/>Bj\u00f6rn Sj\u00f6d\u00e9n<br \/>Hanna Ginner Hau<br \/>Knut Sundell<\/p>\n<p>Samtliga \u00e4r skolforskare vid Linn\u00e9universitetet, universiteten i Lund, Uppsala, Stockholm och G\u00f6teborg samt H\u00f6gskolorna i G\u00e4vle respektive Halmstad och Karolinska Institutet. <\/p>\n<p>Omni \u00e4r politiskt obundna och oberoende. Vi str\u00e4var efter att ge fler perspektiv p\u00e5 nyheterna. Har du fr\u00e5gor eller synpunkter kring v\u00e5r rapportering? <a href=\"https:\/\/omni.se\/forskare-trender-och-politik-maste-ut-ur-skolan\/a\/mailto:redaktion@omni.se\" class=\"ArticleActions_contactLink__W2F1M\" rel=\"nofollow noopener\" target=\"_blank\">Kontakta redaktionen<\/a><\/p>\n","protected":false},"excerpt":{"rendered":"De svenska skolmyndigheterna brister i sitt uppdrag att sammanst\u00e4lla v\u00e4gledande kunskap och bevisad forskning som st\u00f6d f\u00f6r undervisningen.&hellip;\n","protected":false},"author":2,"featured_media":105948,"comment_status":"","ping_status":"","sticky":false,"template":"","format":"standard","meta":{"footnotes":""},"categories":[12],"tags":[22,23,445,26,27,17,21,24,25,28,29,15,16,18,34,982,11854,2504,31,33,32,30,19,20],"class_list":{"0":"post-105947","1":"post","2":"type-post","3":"status-publish","4":"format-standard","5":"has-post-thumbnail","7":"category-sverige","8":"tag-breaking-news","9":"tag-breakingnews","10":"tag-debatt","11":"tag-featured-news","12":"tag-featurednews","13":"tag-headlines","14":"tag-huvudnyheter","15":"tag-latest-news","16":"tag-latestnews","17":"tag-main-news","18":"tag-mainnews","19":"tag-news","20":"tag-nyheter","21":"tag-rubriker","22":"tag-se","23":"tag-skola-utbildning","24":"tag-skolforskningsinstitutet","25":"tag-skolverket","26":"tag-svenska","27":"tag-sverige","28":"tag-sweden","29":"tag-swedish","30":"tag-top-stories","31":"tag-topstories"},"share_on_mastodon":{"url":"https:\/\/pubeurope.com\/@se\/115719690229250865","error":""},"_links":{"self":[{"href":"https:\/\/www.europesays.com\/se\/wp-json\/wp\/v2\/posts\/105947","targetHints":{"allow":["GET"]}}],"collection":[{"href":"https:\/\/www.europesays.com\/se\/wp-json\/wp\/v2\/posts"}],"about":[{"href":"https:\/\/www.europesays.com\/se\/wp-json\/wp\/v2\/types\/post"}],"author":[{"embeddable":true,"href":"https:\/\/www.europesays.com\/se\/wp-json\/wp\/v2\/users\/2"}],"replies":[{"embeddable":true,"href":"https:\/\/www.europesays.com\/se\/wp-json\/wp\/v2\/comments?post=105947"}],"version-history":[{"count":0,"href":"https:\/\/www.europesays.com\/se\/wp-json\/wp\/v2\/posts\/105947\/revisions"}],"wp:featuredmedia":[{"embeddable":true,"href":"https:\/\/www.europesays.com\/se\/wp-json\/wp\/v2\/media\/105948"}],"wp:attachment":[{"href":"https:\/\/www.europesays.com\/se\/wp-json\/wp\/v2\/media?parent=105947"}],"wp:term":[{"taxonomy":"category","embeddable":true,"href":"https:\/\/www.europesays.com\/se\/wp-json\/wp\/v2\/categories?post=105947"},{"taxonomy":"post_tag","embeddable":true,"href":"https:\/\/www.europesays.com\/se\/wp-json\/wp\/v2\/tags?post=105947"}],"curies":[{"name":"wp","href":"https:\/\/api.w.org\/{rel}","templated":true}]}}