{"id":105959,"date":"2025-12-14T20:10:08","date_gmt":"2025-12-14T20:10:08","guid":{"rendered":"https:\/\/www.europesays.com\/se\/105959\/"},"modified":"2025-12-14T20:10:08","modified_gmt":"2025-12-14T20:10:08","slug":"fridolina-rolfo-med-forsta-ligamalet-for-manchester-united-fotboll","status":"publish","type":"post","link":"https:\/\/www.europesays.com\/se\/105959\/","title":{"rendered":"Fridolina Rolf\u00f6 med f\u00f6rsta ligam\u00e5let f\u00f6r Manchester United | Fotboll"},"content":{"rendered":"<p>Publicerad 14 dec 2025 kl 17.26<\/p>\n<p>Fridolina R\u00f6lf\u00f6 har gjort sina f\u00f6rsta ligam\u00e5l.<\/p>\n<p>32-\u00e5ringen slog till tv\u00e5 g\u00e5nger om i svenskm\u00f6tet med Tottenham.<\/p>\n<p>Hennes Manchester United h\u00e4mtade upp 0\u20133-underl\u00e4ge efter en galen avslutning.<\/p>\n<p><img   alt=\"\"\/><\/p>\n<p>Rolf\u00f6 r\u00e4ddade po\u00e4ng.<\/p>\n<p>Foto: TIM WILLIAMS \/ STELLA PICTURES<\/p>\n<p>\u00d6ppna bild i helsk\u00e4rm<\/p>\n<p>Inf\u00f6r s\u00e4songen bytte <a href=\"https:\/\/www.expressen.se\/tagg\/person\/fridolina-rolfo\/\" class=\"\" rel=\"nofollow noopener\" target=\"_blank\">Fridolina Rolf\u00f6<\/a> Spanien och Barcelona mot England och Manchester United.<\/p>\n<p>Hemma mot Tottenham fick yttern dock inleda p\u00e5 b\u00e4nken.<\/p>\n<p>Men det r\u00e5dde ingen brist p\u00e5 svenskar p\u00e5 plan. I United startade Anna Sandberg och Julia Zigiotti Olme och i Spurs Amanda Nild\u00e9n och Matilda Vinberg.<\/p>\n<p>Bortalaget s\u00e5g ut g\u00e5 mot en klar seger n\u00e4r kvarten \u00e5terstod.<\/p>\n<p>D\u00e5 ledde Tottenham med 3\u20130 efter m\u00e5l av Bethany Englad, Evelina Summanen och Martha Thomas.<\/p>\n<p>Svenskan r\u00e4ddade po\u00e4ng<\/p>\n<p>Men United vaknade. F\u00f6rst reducerade Ella Toone innan Rolf\u00f6 h\u00f6ll sig framme efter en tilltrasslad situation framf\u00f6r n\u00e4t.<\/p>\n<p>M\u00e5let var hennes f\u00f6rsta i ligan f\u00f6r nya klubben.<\/p>\n<p>Det s\u00e5g dock inte ut att r\u00e4cka till mer \u00e4n att snygga till siffrorna till 2\u20133.<\/p>\n<p>Men p\u00e5 till\u00e4ggstid d\u00f6k Rolf\u00f6 upp p\u00e5 nytt och st\u00f6tte in ett perfekt avv\u00e4gt inl\u00e4gg till 3\u20133.<\/p>\n<p>Manchester United h\u00e5ller d\u00e4rmed Tottenham bakom sig i WSL och ligger kvar p\u00e5 fj\u00e4rde plats.<\/p>\n<p>Tidigare under s\u00f6ndagen r\u00e4ddade Beata Olsson po\u00e4ng f\u00f6r sitt Liverpool n\u00e4r hon kvitterade till 2\u20132 sent mot West Ham.<\/p>\n","protected":false},"excerpt":{"rendered":"Publicerad 14 dec 2025 kl 17.26 Fridolina R\u00f6lf\u00f6 har gjort sina f\u00f6rsta ligam\u00e5l. 32-\u00e5ringen slog till tv\u00e5 g\u00e5nger&hellip;\n","protected":false},"author":2,"featured_media":105960,"comment_status":"","ping_status":"","sticky":false,"template":"","format":"standard","meta":{"footnotes":""},"categories":[68],"tags":[11135,34,129,111,110,31,33,32,30],"class_list":{"0":"post-105959","1":"post","2":"type-post","3":"status-publish","4":"format-standard","5":"has-post-thumbnail","7":"category-sport","8":"tag-person-fridolina-rolfo","9":"tag-se","10":"tag-sections-fotboll","11":"tag-sport","12":"tag-sports","13":"tag-svenska","14":"tag-sverige","15":"tag-sweden","16":"tag-swedish"},"share_on_mastodon":{"url":"https:\/\/pubeurope.com\/@se\/115719741271298173","error":""},"_links":{"self":[{"href":"https:\/\/www.europesays.com\/se\/wp-json\/wp\/v2\/posts\/105959","targetHints":{"allow":["GET"]}}],"collection":[{"href":"https:\/\/www.europesays.com\/se\/wp-json\/wp\/v2\/posts"}],"about":[{"href":"https:\/\/www.europesays.com\/se\/wp-json\/wp\/v2\/types\/post"}],"author":[{"embeddable":true,"href":"https:\/\/www.europesays.com\/se\/wp-json\/wp\/v2\/users\/2"}],"replies":[{"embeddable":true,"href":"https:\/\/www.europesays.com\/se\/wp-json\/wp\/v2\/comments?post=105959"}],"version-history":[{"count":0,"href":"https:\/\/www.europesays.com\/se\/wp-json\/wp\/v2\/posts\/105959\/revisions"}],"wp:featuredmedia":[{"embeddable":true,"href":"https:\/\/www.europesays.com\/se\/wp-json\/wp\/v2\/media\/105960"}],"wp:attachment":[{"href":"https:\/\/www.europesays.com\/se\/wp-json\/wp\/v2\/media?parent=105959"}],"wp:term":[{"taxonomy":"category","embeddable":true,"href":"https:\/\/www.europesays.com\/se\/wp-json\/wp\/v2\/categories?post=105959"},{"taxonomy":"post_tag","embeddable":true,"href":"https:\/\/www.europesays.com\/se\/wp-json\/wp\/v2\/tags?post=105959"}],"curies":[{"name":"wp","href":"https:\/\/api.w.org\/{rel}","templated":true}]}}