{"id":105969,"date":"2025-12-14T20:20:09","date_gmt":"2025-12-14T20:20:09","guid":{"rendered":"https:\/\/www.europesays.com\/se\/105969\/"},"modified":"2025-12-14T20:20:09","modified_gmt":"2025-12-14T20:20:09","slug":"hakan-och-clabbe-far-barnbarn-blir-slakt","status":"publish","type":"post","link":"https:\/\/www.europesays.com\/se\/105969\/","title":{"rendered":"H\u00e5kan och Clabbe f\u00e5r barnbarn &#8211; blir sl\u00e4kt"},"content":{"rendered":"<p>I en tid d\u00e5 m\u00e5nga pratar om ov\u00e4ntade samarbeten i b\u00e5de politik och n\u00f6jesv\u00e4rlden kommer nu en s\u00e4rskilt varm s\u00e5dan i form av familjelycka. <\/p>\n<p>Den f\u00f6re detta socialdemokratiske partiledaren <strong>H\u00e5kan Juholt<\/strong>, 63, och legendariske musikern och radiopersonligheten <strong>Claes \u201cClabbe\u201d af Geijerstam<\/strong>, 79, ska bli farf\u00f6r\u00e4ldrar till samma barn. Detta var <a href=\"https:\/\/www.aftonbladet.se\/nojesbladet\/a\/aJ2xqd\/hakan-juholt-och-claes-clabbe-af-geijerstam-ska-fa-barnbarn\" target=\"_blank\" rel=\"noreferrer noopener nofollow\">Aftonbladet<\/a> f\u00f6rst med att skriva om.<\/p>\n<p>Viktor och Isabel<\/p>\n<p>Det \u00e4r H\u00e5kan Juholts son, <strong>Viktor<\/strong>, som tillsammans med Clabbes dotter, <strong>Isabel<\/strong>, v\u00e4ntar sitt f\u00f6rsta barn tillsammans \u2013 och i februari \u00e4r ber\u00e4knad ankomst. <\/p>\n<p>F\u00f6r Juholt kommer det betyda att han blir farfar och f\u00f6r Clabbe att han blir morfar f\u00f6r allra f\u00f6rsta g\u00e5ngen. Clabbe, som kanske fr\u00e4mst \u00e4r k\u00e4nd f\u00f6r sina \u00e5r som DJ, musiker och programledare, \u00e4r uppriktigt entusiastisk \u00f6ver den nya rollen som morfar. <\/p>\n<p>\u00a0\u201cDet h\u00e4r \u00e4r otroligt roligt, det \u00e4r mitt f\u00f6rsta barnbarn s\u00e5 det \u00e4r extremt roligt. Det blir en rej\u00e4l julklapp\u201d, s\u00e4ger Clabbe till Aftonbladet.<\/p>\n<p>\u201cDet \u00e4r j\u00e4ttefint att vi nu blir familj\u201d, s\u00e4ger Juholt till Aftonbladet n\u00e4r han talar om den stundande familjetill\u00f6kningen. Han beskriver relationen mellan Viktor och Isabel som n\u00e5got v\u00e4ldigt fint och klokt, och uttrycker en genuin gl\u00e4dje \u00f6ver deras beslut att bilda familj. <\/p>\n","protected":false},"excerpt":{"rendered":"I en tid d\u00e5 m\u00e5nga pratar om ov\u00e4ntade samarbeten i b\u00e5de politik och n\u00f6jesv\u00e4rlden kommer nu en s\u00e4rskilt&hellip;\n","protected":false},"author":2,"featured_media":105970,"comment_status":"","ping_status":"","sticky":false,"template":"","format":"standard","meta":{"footnotes":""},"categories":[67],"tags":[11855,11856,104,11857,869,11858,34,11859,31,33,32,30,105],"class_list":{"0":"post-105969","1":"post","2":"type-post","3":"status-publish","4":"format-standard","5":"has-post-thumbnail","7":"category-underhallning","8":"tag-barnbarn","9":"tag-clabbe","10":"tag-entertainment","11":"tag-farfar","12":"tag-hakan-juholt","13":"tag-morfar","14":"tag-se","15":"tag-slaktingar","16":"tag-svenska","17":"tag-sverige","18":"tag-sweden","19":"tag-swedish","20":"tag-underhallning"},"share_on_mastodon":{"url":"https:\/\/pubeurope.com\/@se\/115719780633165847","error":""},"_links":{"self":[{"href":"https:\/\/www.europesays.com\/se\/wp-json\/wp\/v2\/posts\/105969","targetHints":{"allow":["GET"]}}],"collection":[{"href":"https:\/\/www.europesays.com\/se\/wp-json\/wp\/v2\/posts"}],"about":[{"href":"https:\/\/www.europesays.com\/se\/wp-json\/wp\/v2\/types\/post"}],"author":[{"embeddable":true,"href":"https:\/\/www.europesays.com\/se\/wp-json\/wp\/v2\/users\/2"}],"replies":[{"embeddable":true,"href":"https:\/\/www.europesays.com\/se\/wp-json\/wp\/v2\/comments?post=105969"}],"version-history":[{"count":0,"href":"https:\/\/www.europesays.com\/se\/wp-json\/wp\/v2\/posts\/105969\/revisions"}],"wp:featuredmedia":[{"embeddable":true,"href":"https:\/\/www.europesays.com\/se\/wp-json\/wp\/v2\/media\/105970"}],"wp:attachment":[{"href":"https:\/\/www.europesays.com\/se\/wp-json\/wp\/v2\/media?parent=105969"}],"wp:term":[{"taxonomy":"category","embeddable":true,"href":"https:\/\/www.europesays.com\/se\/wp-json\/wp\/v2\/categories?post=105969"},{"taxonomy":"post_tag","embeddable":true,"href":"https:\/\/www.europesays.com\/se\/wp-json\/wp\/v2\/tags?post=105969"}],"curies":[{"name":"wp","href":"https:\/\/api.w.org\/{rel}","templated":true}]}}