{"id":105975,"date":"2025-12-14T20:25:25","date_gmt":"2025-12-14T20:25:25","guid":{"rendered":"https:\/\/www.europesays.com\/se\/105975\/"},"modified":"2025-12-14T20:25:25","modified_gmt":"2025-12-14T20:25:25","slug":"ukraina-kan-vinna-kriget-mot-ryssland-men-da-maste-europa-gora-mer","status":"publish","type":"post","link":"https:\/\/www.europesays.com\/se\/105975\/","title":{"rendered":"Ukraina kan vinna kriget mot Ryssland \u2013 men d\u00e5 m\u00e5ste Europa g\u00f6ra mer"},"content":{"rendered":"<p>Trots alla fredssamtal och m\u00f6ten om Ukraina talar det mesta f\u00f6r att striderna forts\u00e4tter, skriver DN:s Sanna Tor\u00e9n Bj\u00f6rling. Putin verkar inte vara beredd att ge vika n\u00e4r det kommer till de ryska kraven, som \u00e4r oacceptabla f\u00f6r Ukraina. <\/p>\n<p>\u201dS\u00e5 l\u00e4nge det \u00e4r s\u00e5 kommer kriget att forts\u00e4tta, oavsett hur m\u00e5nga m\u00f6ten som h\u00e5lls.\u201d<\/p>\n<p>Ukraina kan fortfarande vinna kriget mot Ryssland, men d\u00e5 m\u00e5ste de europeiska l\u00e4nderna g\u00f6ra mer f\u00f6r att hj\u00e4lpa till. Det skriver Robert Fox i en analys i The Independent. <\/p>\n<p>Ryssland forts\u00e4tter att avancera p\u00e5 slagf\u00e4ltet och ett ambivalent USA verkar ta ett steg tillbaka. Men de ukrainska soldaternas ovilja att ge upp och Rysslands l\u00e5ngsamma framfart ger landet hopp. <\/p>\n<p>Fox menar att Europa nu beh\u00f6ver st\u00f6tta Ukraina med avancerade vapen \u2013 och det s\u00e5 snabbt som m\u00f6jligt. <\/p>\n<p>I danska TV2:s s\u00e4ndning noterar Jesper Steinmetz att president Volodymyr Zelenskyj uppges ha sl\u00e4ppt kravet om ukrainskt Natomedlemskap i utbyte mot s\u00e4kerhetsgarantier. \u00c4ven om USA just nu inte vill se Ukraina i alliansen och flera europeiska l\u00e4nder \u00e4r negativt inst\u00e4llda \u00e4r det \u00e4nd\u00e5 anm\u00e4rkningsv\u00e4rt, tycker han. <\/p>\n<p>\u2013 Det \u00e4r faktiskt ett banbrytande besked Zelenskyj kommer med, s\u00e4ger han. <\/p>\n<p>Omni \u00e4r politiskt obundna och oberoende. Vi str\u00e4var efter att ge fler perspektiv p\u00e5 nyheterna. Har du fr\u00e5gor eller synpunkter kring v\u00e5r rapportering? <a href=\"https:\/\/omni.se\/analys-ukraina-kan-vinna-kriget-mot-ryssland-men-da-maste-europa-gora-mer\/a\/mailto:redaktion@omni.se\" class=\"ArticleActions_contactLink__W2F1M\" rel=\"nofollow noopener\" target=\"_blank\">Kontakta redaktionen<\/a><\/p>\n","protected":false},"excerpt":{"rendered":"Trots alla fredssamtal och m\u00f6ten om Ukraina talar det mesta f\u00f6r att striderna forts\u00e4tter, skriver DN:s Sanna Tor\u00e9n&hellip;\n","protected":false},"author":2,"featured_media":105976,"comment_status":"","ping_status":"","sticky":false,"template":"","format":"standard","meta":{"footnotes":""},"categories":[5],"tags":[1047,22,23,267,26,27,17,21,24,25,28,29,15,268,16,18,269,264,11862,34,31,33,32,30,19,20,263,74,262],"class_list":{"0":"post-105975","1":"post","2":"type-post","3":"status-publish","4":"format-standard","5":"has-post-thumbnail","7":"category-rubriker","8":"tag-analys","9":"tag-breaking-news","10":"tag-breakingnews","11":"tag-europa","12":"tag-featured-news","13":"tag-featurednews","14":"tag-headlines","15":"tag-huvudnyheter","16":"tag-latest-news","17":"tag-latestnews","18":"tag-main-news","19":"tag-mainnews","20":"tag-news","21":"tag-nordamerika","22":"tag-nyheter","23":"tag-rubriker","24":"tag-ryska-invasionen","25":"tag-ryssland","26":"tag-sanna-toren-bjorling","27":"tag-se","28":"tag-svenska","29":"tag-sverige","30":"tag-sweden","31":"tag-swedish","32":"tag-top-stories","33":"tag-topstories","34":"tag-ukraina","35":"tag-usa","36":"tag-volodymyr-zelenskyj"},"share_on_mastodon":{"url":"https:\/\/pubeurope.com\/@se\/115719800351113810","error":""},"_links":{"self":[{"href":"https:\/\/www.europesays.com\/se\/wp-json\/wp\/v2\/posts\/105975","targetHints":{"allow":["GET"]}}],"collection":[{"href":"https:\/\/www.europesays.com\/se\/wp-json\/wp\/v2\/posts"}],"about":[{"href":"https:\/\/www.europesays.com\/se\/wp-json\/wp\/v2\/types\/post"}],"author":[{"embeddable":true,"href":"https:\/\/www.europesays.com\/se\/wp-json\/wp\/v2\/users\/2"}],"replies":[{"embeddable":true,"href":"https:\/\/www.europesays.com\/se\/wp-json\/wp\/v2\/comments?post=105975"}],"version-history":[{"count":0,"href":"https:\/\/www.europesays.com\/se\/wp-json\/wp\/v2\/posts\/105975\/revisions"}],"wp:featuredmedia":[{"embeddable":true,"href":"https:\/\/www.europesays.com\/se\/wp-json\/wp\/v2\/media\/105976"}],"wp:attachment":[{"href":"https:\/\/www.europesays.com\/se\/wp-json\/wp\/v2\/media?parent=105975"}],"wp:term":[{"taxonomy":"category","embeddable":true,"href":"https:\/\/www.europesays.com\/se\/wp-json\/wp\/v2\/categories?post=105975"},{"taxonomy":"post_tag","embeddable":true,"href":"https:\/\/www.europesays.com\/se\/wp-json\/wp\/v2\/tags?post=105975"}],"curies":[{"name":"wp","href":"https:\/\/api.w.org\/{rel}","templated":true}]}}