{"id":105983,"date":"2025-12-14T20:31:08","date_gmt":"2025-12-14T20:31:08","guid":{"rendered":"https:\/\/www.europesays.com\/se\/105983\/"},"modified":"2025-12-14T20:31:08","modified_gmt":"2025-12-14T20:31:08","slug":"trumps-nya-satsning-blir-mynt","status":"publish","type":"post","link":"https:\/\/www.europesays.com\/se\/105983\/","title":{"rendered":"Trumps nya satsning \u2013 blir mynt"},"content":{"rendered":"<p>Publicerad 14 dec 2025 kl 20.53<\/p>\n<p>Ser du Trumps ansikte vart du \u00e4n tittar?<\/p>\n<p>Snart kan du \u00e4ven komma att se det p\u00e5 amerikanska mynt.<\/p>\n<p>Planen \u00e4r n\u00e4mligen att Trump ska bli motiv f\u00f6r det nya endollarmyntet, skriver <a href=\"https:\/\/edition.cnn.com\/2025\/12\/12\/business\/trump-changes-coins-policy\" rel=\"nofollow noopener\" target=\"_blank\">CNN<\/a>.<\/p>\n<p>Senaste klippen om Trump-administrationen.<img   alt=\"\"\/><\/p>\n<p>Trump vill ha sig sj\u00e4lv som motiv p\u00e5 nya myntet.<\/p>\n<p>\u00d6ppna bild i helsk\u00e4rm<img loading=\"lazy\"   alt=\"\"\/><\/p>\n<p>Trump vill ha sig sj\u00e4lv som motiv p\u00e5 nya myntet.<\/p>\n<p>\u00d6ppna bild i helsk\u00e4rm<img loading=\"lazy\"   alt=\"\"\/><\/p>\n<p>Trump vill ha sig sj\u00e4lv som motiv p\u00e5 nya myntet.<\/p>\n<p>\u00d6ppna bild i helsk\u00e4rm<img loading=\"lazy\"   alt=\"\"\/><\/p>\n<p>Donald Trump blev skjuten i \u00f6rat under ett kampanjtal i Pennsylvania. Bilden f\u00e5r inte vara p\u00e5 baksidan av hans mynt.<\/p>\n<p>Foto: DAVID MAXWELL \/ EPA TT NYHETSBYR\u00c5N<\/p>\n<p>\u00d6ppna bild i helsk\u00e4rm<img loading=\"lazy\"   alt=\"\"\/><\/p>\n<p>Donald Trump.<\/p>\n<p>Foto: INSTAR \/ STELLA PICTURES \/ STELLA PICTURES<\/p>\n<p>\u00d6ppna bild i helsk\u00e4rm<\/p>\n<p>N\u00e4sta \u00e5r fyller <a href=\"https:\/\/www.expressen.se\/tagg\/location\/usa\/\" class=\"\" rel=\"nofollow noopener\" target=\"_blank\">USA<\/a> 250 \u00e5r. Jubileet kommer firas p\u00e5 flera s\u00e4tt \u2013 bland annat med nya jubileumsmynt.<\/p>\n<p>Under fyra \u00e5rs tid har en kommitt\u00e9 fr\u00e5n det amerikanska myntverket jobbat med tre specialmynt f\u00f6r att hedra den amerikanska historien.<\/p>\n<p>Abolitionisten Fredrick Douglass fanns p\u00e5 ett, en kvinnlig suffragett fanns p\u00e5 ett annat och Ruby Ridges, den f\u00f6rsta svarta kvinnan att g\u00e5 p\u00e5 en integrerad amerikansk skola, fanns p\u00e5 det tredje.<\/p>\n<p>Men nu stryker Trump id\u00e9n. Hans nya id\u00e9?<\/p>\n<p>Att ha sig sj\u00e4lv som motiv, skriver CNN.<\/p>\n<p>Ville ha bild fr\u00e5n mordf\u00f6rs\u00f6ket<\/p>\n<p>I st\u00e4llet f\u00f6r kommitt\u00e9ns f\u00f6rslag p\u00e5 jubileumsmynt kommer presidenterna George Washington, Thomas Jefferson, James Madison och Abraham Lincoln. Alla fyra finns redan p\u00e5 nutida amerikanska mynt eller sedlar.<\/p>\n<p>Ut\u00f6ver detta kommer det amerikanska myntverket \u00e4ven b\u00f6rja trycka ett nytt Trump-mynt v\u00e4rt en dollar. P\u00e5 baksidan kommer en variant av den amerikanska \u00f6rnen att finnas. Myntet kommer inte att ers\u00e4tta de tryckta endollarsedlarna.<\/p>\n<p>Enligt CNN ville Trump f\u00f6rst ha sitt eget ansikte p\u00e5 framsidan och en bild n\u00e4r han lyfter sin n\u00e4ve efter 2024 \u00e5rs mordf\u00f6rs\u00f6k p\u00e5 baksidan.\u00a0<\/p>\n<p>Amerikansk lag hindrar dock levande personer att vara motiv p\u00e5 mynts baksidor samt p\u00e5 sedlar, men lagen s\u00e4ger ingenting om framsidor av mynt.<\/p>\n<p>\u201dAlldeles f\u00f6r fokuserade p\u00e5 m\u00e5ngfald, r\u00e4ttvisa och inkludering\u201d<\/p>\n<p>Ut\u00f6ver de tidigare presidenterna kommer \u00e4ven pilgrimer fr\u00e5n Plymouthkolonin att finnas p\u00e5 specialmynten.<\/p>\n<p>\u2013 Motiven p\u00e5 dessa historiska mynt skildrar ber\u00e4ttelsen om USA:s resa mot en \u201dmer fullkomlig union\u201d och hyllar landets grundl\u00e4ggande ideal om frihet, s\u00e4ger Kristie McNally, tillf\u00f6rordnad chef f\u00f6r det amerikanska myntverket, till CNN.<\/p>\n<p>USA:s statskass\u00f6r Brandon Beach \u00e4r desto h\u00e5rdare i sin ton.<\/p>\n<p>\u2013 Medan Bidenadministrationen och den d\u00e5varande finansministern Janet Yellen fokuserade p\u00e5 m\u00e5ngfald, r\u00e4ttvisa, inkludering och kritisk rasteori \u00e4r Trump-administrationen inriktad p\u00e5 att fr\u00e4mja v\u00e4lst\u00e5nd och patriotism, s\u00e4ger Beach.<\/p>\n<p>Trump kommer vara den andra presidenten i historien, efter Calvin Coolidge 1926, att finnas p\u00e5 ett mynt under sin livstid.<\/p>\n<p><strong>L\u00c4S MER: <\/strong><a href=\"https:\/\/www.expressen.se\/nyheter\/varlden\/nya-bilderna-fran-epstein-huset\/\" class=\"\" rel=\"nofollow noopener\" target=\"_blank\">Trump, Clinton och Gates p\u00e5 nya Epstein-bilder<\/a><strong>L\u00c4S MER: <\/strong><a href=\"https:\/\/www.expressen.se\/nyheter\/varlden\/trump-utmanar-lagen-vill-pryda-dollarmyntet\/\" class=\"\" rel=\"nofollow noopener\" target=\"_blank\">Trump utmanar lagen \u2013 vill pryda dollarmyntet<\/a>Hustruns kupp under julfesten.<\/p>\n","protected":false},"excerpt":{"rendered":"Publicerad 14 dec 2025 kl 20.53 Ser du Trumps ansikte vart du \u00e4n tittar? Snart kan du \u00e4ven&hellip;\n","protected":false},"author":2,"featured_media":105984,"comment_status":"","ping_status":"","sticky":false,"template":"","format":"standard","meta":{"footnotes":""},"categories":[14],"tags":[22,23,26,27,17,21,24,25,45,28,29,15,16,198,18,34,55,31,33,32,30,19,204,20,51,52,53,54],"class_list":{"0":"post-105983","1":"post","2":"type-post","3":"status-publish","4":"format-standard","5":"has-post-thumbnail","7":"category-varlden","8":"tag-breaking-news","9":"tag-breakingnews","10":"tag-featured-news","11":"tag-featurednews","12":"tag-headlines","13":"tag-huvudnyheter","14":"tag-latest-news","15":"tag-latestnews","16":"tag-location-usa","17":"tag-main-news","18":"tag-mainnews","19":"tag-news","20":"tag-nyheter","21":"tag-person-donald-trump","22":"tag-rubriker","23":"tag-se","24":"tag-sections-varlden","25":"tag-svenska","26":"tag-sverige","27":"tag-sweden","28":"tag-swedish","29":"tag-top-stories","30":"tag-topic-amerikansk-politik","31":"tag-topstories","32":"tag-varlden","33":"tag-world","34":"tag-world-news","35":"tag-worldnews"},"share_on_mastodon":{"url":"https:\/\/pubeurope.com\/@se\/115719823887453670","error":""},"_links":{"self":[{"href":"https:\/\/www.europesays.com\/se\/wp-json\/wp\/v2\/posts\/105983","targetHints":{"allow":["GET"]}}],"collection":[{"href":"https:\/\/www.europesays.com\/se\/wp-json\/wp\/v2\/posts"}],"about":[{"href":"https:\/\/www.europesays.com\/se\/wp-json\/wp\/v2\/types\/post"}],"author":[{"embeddable":true,"href":"https:\/\/www.europesays.com\/se\/wp-json\/wp\/v2\/users\/2"}],"replies":[{"embeddable":true,"href":"https:\/\/www.europesays.com\/se\/wp-json\/wp\/v2\/comments?post=105983"}],"version-history":[{"count":0,"href":"https:\/\/www.europesays.com\/se\/wp-json\/wp\/v2\/posts\/105983\/revisions"}],"wp:featuredmedia":[{"embeddable":true,"href":"https:\/\/www.europesays.com\/se\/wp-json\/wp\/v2\/media\/105984"}],"wp:attachment":[{"href":"https:\/\/www.europesays.com\/se\/wp-json\/wp\/v2\/media?parent=105983"}],"wp:term":[{"taxonomy":"category","embeddable":true,"href":"https:\/\/www.europesays.com\/se\/wp-json\/wp\/v2\/categories?post=105983"},{"taxonomy":"post_tag","embeddable":true,"href":"https:\/\/www.europesays.com\/se\/wp-json\/wp\/v2\/tags?post=105983"}],"curies":[{"name":"wp","href":"https:\/\/api.w.org\/{rel}","templated":true}]}}