{"id":106016,"date":"2025-12-14T21:34:22","date_gmt":"2025-12-14T21:34:22","guid":{"rendered":"https:\/\/www.europesays.com\/se\/106016\/"},"modified":"2025-12-14T21:34:22","modified_gmt":"2025-12-14T21:34:22","slug":"biljakt-med-flera-krockar-passerade-jarva","status":"publish","type":"post","link":"https:\/\/www.europesays.com\/se\/106016\/","title":{"rendered":"Biljakt med flera krockar passerade J\u00e4rva"},"content":{"rendered":"<p><strong>Polisen b\u00f6rjade jaga en bil som v\u00e4grade att stanna trots stoppsignal vid V\u00e4stertorp klockan 21.40 p\u00e5 l\u00f6rdagskv\u00e4llen. Flera polisbilar tillkallades och f\u00f6ljde bilen norrut p\u00e5 E4:an mot J\u00e4rva. \u00c4ven helikopter h\u00f6rdes under den tid som bilf\u00f6raren jagades i J\u00e4rvaomr\u00e5det f\u00f6r att sedan forts\u00e4tta genom Sp\u00e5nga.<\/strong><\/p>\n<p>Polisbilar f\u00f6rs\u00f6kte preja f\u00f6raren vid flera tillf\u00e4llen, vilket resulterade i kollisioner. \u00c4ven spikmattor anv\u00e4ndes.<\/p>\n<p>Till sist fick jakten ett stopp vid Bromma blocks n\u00e4r f\u00f6raren, en man i tjugo\u00e5rs\u00e5ldern, prejades av tv\u00e5 polisbilar.<\/p>\n<p>Annons:<a class=\"gofollow\" data-track=\"NDAxLDEsNjA=\" href=\"https:\/\/meetingspublic.stockholm.se\/committees\/jarva-stadsdelsnamnd\" rel=\"nofollow noopener\" target=\"_blank\"><img decoding=\"async\" src=\"https:\/\/www.europesays.com\/se\/wp-content\/uploads\/2025\/12\/SthlmStad-116181-251212-18-NyhetsbyranJarva.png\"\/><\/a><\/p>\n<p>Totalt sju polisbilar och g\u00e4rningspersonens bil har beh\u00f6vt b\u00e4rgas efter jakten. Bilf\u00f6raren \u00e4r kvar p\u00e5 sjukhus, och tre av poliserna har kontrollerats av sjukv\u00e5rden med lindriga skador.<\/p>\n<p>Enligt Polisen i Stockholms l\u00e4n frihetsber\u00f6vades mannen p\u00e5 plats och anm\u00e4lningar om grov v\u00e5rdsl\u00f6shet i trafik, grovt drograttfylleri, narkotikabrott, grov olovlig k\u00f6rning, smitning fr\u00e5n trafikolycksplats och v\u00e5llande till kroppskada (grovt brott) har uppr\u00e4ttats.\n<\/p>\n<p>                    <a href=\"#\" rel=\"nofollow\" onclick=\"window.print(); return false;\" title=\"Printer Friendly, PDF &amp; Email\"><br \/>\n                    <img decoding=\"async\" class=\"pf-button-img\" src=\"https:\/\/www.europesays.com\/se\/wp-content\/uploads\/2025\/08\/printfriendly-pdf-button-nobg-md.png\" alt=\"Print Friendly, PDF &amp; Email\" style=\"width: 124px;height: 30px;\"\/><br \/>\n                    <\/a><\/p>\n","protected":false},"excerpt":{"rendered":"Polisen b\u00f6rjade jaga en bil som v\u00e4grade att stanna trots stoppsignal vid V\u00e4stertorp klockan 21.40 p\u00e5 l\u00f6rdagskv\u00e4llen. Flera&hellip;\n","protected":false},"author":2,"featured_media":106017,"comment_status":"","ping_status":"","sticky":false,"template":"","format":"standard","meta":{"footnotes":""},"categories":[5],"tags":[11863,11744,22,23,26,27,17,21,1429,24,25,28,29,15,16,11864,18,34,31,33,32,30,19,20],"class_list":{"0":"post-106016","1":"post","2":"type-post","3":"status-publish","4":"format-standard","5":"has-post-thumbnail","7":"category-rubriker","8":"tag-biljakt","9":"tag-blaljus","10":"tag-breaking-news","11":"tag-breakingnews","12":"tag-featured-news","13":"tag-featurednews","14":"tag-headlines","15":"tag-huvudnyheter","16":"tag-jarva","17":"tag-latest-news","18":"tag-latestnews","19":"tag-main-news","20":"tag-mainnews","21":"tag-news","22":"tag-nyheter","23":"tag-polisen-stockholms-lan","24":"tag-rubriker","25":"tag-se","26":"tag-svenska","27":"tag-sverige","28":"tag-sweden","29":"tag-swedish","30":"tag-top-stories","31":"tag-topstories"},"share_on_mastodon":{"url":"https:\/\/pubeurope.com\/@se\/115720071826831263","error":""},"_links":{"self":[{"href":"https:\/\/www.europesays.com\/se\/wp-json\/wp\/v2\/posts\/106016","targetHints":{"allow":["GET"]}}],"collection":[{"href":"https:\/\/www.europesays.com\/se\/wp-json\/wp\/v2\/posts"}],"about":[{"href":"https:\/\/www.europesays.com\/se\/wp-json\/wp\/v2\/types\/post"}],"author":[{"embeddable":true,"href":"https:\/\/www.europesays.com\/se\/wp-json\/wp\/v2\/users\/2"}],"replies":[{"embeddable":true,"href":"https:\/\/www.europesays.com\/se\/wp-json\/wp\/v2\/comments?post=106016"}],"version-history":[{"count":0,"href":"https:\/\/www.europesays.com\/se\/wp-json\/wp\/v2\/posts\/106016\/revisions"}],"wp:featuredmedia":[{"embeddable":true,"href":"https:\/\/www.europesays.com\/se\/wp-json\/wp\/v2\/media\/106017"}],"wp:attachment":[{"href":"https:\/\/www.europesays.com\/se\/wp-json\/wp\/v2\/media?parent=106016"}],"wp:term":[{"taxonomy":"category","embeddable":true,"href":"https:\/\/www.europesays.com\/se\/wp-json\/wp\/v2\/categories?post=106016"},{"taxonomy":"post_tag","embeddable":true,"href":"https:\/\/www.europesays.com\/se\/wp-json\/wp\/v2\/tags?post=106016"}],"curies":[{"name":"wp","href":"https:\/\/api.w.org\/{rel}","templated":true}]}}