{"id":106020,"date":"2025-12-14T21:38:24","date_gmt":"2025-12-14T21:38:24","guid":{"rendered":"https:\/\/www.europesays.com\/se\/106020\/"},"modified":"2025-12-14T21:38:24","modified_gmt":"2025-12-14T21:38:24","slug":"dystopiska-serien-lag-1a-pa-netflix-nu-laggs-den-ned","status":"publish","type":"post","link":"https:\/\/www.europesays.com\/se\/106020\/","title":{"rendered":"Dystopiska serien l\u00e5g 1:a p\u00e5 Netflix \u2013 nu l\u00e4ggs den ned"},"content":{"rendered":"<p>I september blev den spanska dystopiska serien <strong>\u201dSista platsen p\u00e5 jorden\u201d<\/strong> den mest sedda serien p\u00e5 Netflix v\u00e4rlden \u00f6ver. Men trots succ\u00e9n \u2013 och det sista avsnittets \u00f6ppna slut \u2013 blir det ingen forts\u00e4ttning. Det rapporterar <a href=\"https:\/\/elpais.com\/television\/series\/2025-12-10\/netflix-cancela-la-ambiciosa-serie-espanola-el-refugio-atomico-tras-su-primera-temporada.html\" rel=\"nofollow noopener\" target=\"_blank\">El Pa\u00eds<\/a>.<\/p>\n<p>\u201dSista platsen p\u00e5 jorden\u201d f\u00f6ljer ett g\u00e4ng miljard\u00e4rer som tar skydd i en futuristisk bunker f\u00f6r att v\u00e4nta ut det p\u00e5g\u00e5ende tredje v\u00e4rldskriget. Tyv\u00e4rr blossar gamla familjekonflikter upp och hotar deras trygga plats.<\/p>\n<p>Bakom \u201dSista platsen p\u00e5 jorden\u201d l\u00e5g <strong>\u00c1lex Pina<\/strong> \u2013 skaparen bakom <a href=\"https:\/\/www.moviezine.se\/series\/la-casa-de-papel\" rel=\"nofollow noopener\" target=\"_blank\">\u201dLa casa de papel\u201d<\/a>. Den hittade en trogen publik och har f\u00e5tt fem s\u00e4songer, s\u00e5v\u00e4l som en framg\u00e5ngsrik <a href=\"https:\/\/www.moviezine.se\/series\/la-casa-de-papel-berlin\" rel=\"nofollow noopener\" target=\"_blank\">spinoff<\/a>. F\u00f6rv\u00e4ntningarna var d\u00e4rf\u00f6r h\u00f6ga, men hans nya serie har m\u00f6tt ett h\u00e5rdare \u00f6de.<\/p>\n<p>Den ambiti\u00f6sa serien blev en tittarsucc\u00e9 vid premi\u00e4ren i september, men som bekant betyder inte det n\u00f6dv\u00e4ndigtvis att den \u00e4r bra. Kritikerna var inte n\u00e5diga, och serien har endast 33% positiva recensioner p\u00e5 Rotten Tomatoes. P\u00e5 IMDb har den l\u00e5ga snittbetyget 5,7\/10.<\/p>\n<p>\u00c4ven Netflix-anv\u00e4ndare gav med sig s\u00e5 sm\u00e5ningom, och trots den starka premi\u00e4ren lyckades \u201dSista platsen p\u00e5 jorden\u201d bara h\u00e5lla sig kvar p\u00e5 topplistan i 20 dagar.<\/p>\n<p>Det \u00f6ppna slutet i det \u00e5ttonde avsnittet blir d\u00e4rmed permanent. Vill du ge \u201dSista platsen p\u00e5 jorden\u201d en chans, finns alla avsnitt \u00e4nnu att streama p\u00e5 Netflix.<\/p>\n<p><img loading=\"lazy\" decoding=\"async\" alt=\"YouTube video\" width=\"480\" height=\"360\" data-pin-nopin=\"true\" nopin=\"nopin\" class=\"perfmatters-lazy\" src=\"https:\/\/www.europesays.com\/se\/wp-content\/uploads\/2025\/12\/1765748304_681_hqdefault.jpg\"\/><\/p>\n<p>L\u00e4s ocks\u00e5: <a href=\"https:\/\/www.moviezine.se\/nyheter\/kristallgoken-netflix-nya-nervkittlande-mysterium-har-premiar-idag\" title=\"\u201dKristallg\u00f6ken\u201d \u2013 Netflix nya nervkittlande mysterium har premi\u00e4r idag\" class=\"underline-custom !font-montserrat !font-bold !underline-offset-4 !decoration-4 !decoration-moviezine-green !text-md\" rel=\"nofollow noopener\" target=\"_blank\">\u201dKristallg\u00f6ken\u201d \u2013 Netflix nya nervkittlande mysterium har premi\u00e4r idag<\/a><\/p>\n<p>L\u00e4s ocks\u00e5: <a href=\"https:\/\/www.moviezine.se\/nyheter\/netflix-bunkrar-upp-med-3-nya-serier-till-helgen\" title=\"Inget att titta p\u00e5? Netflix bunkrar upp med 3 nya serier till helgen\" class=\"underline-custom !font-montserrat !font-bold !underline-offset-4 !decoration-4 !decoration-moviezine-green !text-md\" rel=\"nofollow noopener\" target=\"_blank\">Inget att titta p\u00e5? Netflix bunkrar upp med 3 nya serier till helgen<\/a><\/p>\n","protected":false},"excerpt":{"rendered":"I september blev den spanska dystopiska serien \u201dSista platsen p\u00e5 jorden\u201d den mest sedda serien p\u00e5 Netflix v\u00e4rlden&hellip;\n","protected":false},"author":2,"featured_media":106021,"comment_status":"","ping_status":"","sticky":false,"template":"","format":"standard","meta":{"footnotes":""},"categories":[67],"tags":[104,2399,34,31,33,32,30,105],"class_list":{"0":"post-106020","1":"post","2":"type-post","3":"status-publish","4":"format-standard","5":"has-post-thumbnail","7":"category-underhallning","8":"tag-entertainment","9":"tag-netflix","10":"tag-se","11":"tag-svenska","12":"tag-sverige","13":"tag-sweden","14":"tag-swedish","15":"tag-underhallning"},"share_on_mastodon":{"url":"https:\/\/pubeurope.com\/@se\/115720087540868495","error":""},"_links":{"self":[{"href":"https:\/\/www.europesays.com\/se\/wp-json\/wp\/v2\/posts\/106020","targetHints":{"allow":["GET"]}}],"collection":[{"href":"https:\/\/www.europesays.com\/se\/wp-json\/wp\/v2\/posts"}],"about":[{"href":"https:\/\/www.europesays.com\/se\/wp-json\/wp\/v2\/types\/post"}],"author":[{"embeddable":true,"href":"https:\/\/www.europesays.com\/se\/wp-json\/wp\/v2\/users\/2"}],"replies":[{"embeddable":true,"href":"https:\/\/www.europesays.com\/se\/wp-json\/wp\/v2\/comments?post=106020"}],"version-history":[{"count":0,"href":"https:\/\/www.europesays.com\/se\/wp-json\/wp\/v2\/posts\/106020\/revisions"}],"wp:featuredmedia":[{"embeddable":true,"href":"https:\/\/www.europesays.com\/se\/wp-json\/wp\/v2\/media\/106021"}],"wp:attachment":[{"href":"https:\/\/www.europesays.com\/se\/wp-json\/wp\/v2\/media?parent=106020"}],"wp:term":[{"taxonomy":"category","embeddable":true,"href":"https:\/\/www.europesays.com\/se\/wp-json\/wp\/v2\/categories?post=106020"},{"taxonomy":"post_tag","embeddable":true,"href":"https:\/\/www.europesays.com\/se\/wp-json\/wp\/v2\/tags?post=106020"}],"curies":[{"name":"wp","href":"https:\/\/api.w.org\/{rel}","templated":true}]}}