{"id":106024,"date":"2025-12-14T21:45:09","date_gmt":"2025-12-14T21:45:09","guid":{"rendered":"https:\/\/www.europesays.com\/se\/106024\/"},"modified":"2025-12-14T21:45:09","modified_gmt":"2025-12-14T21:45:09","slug":"sa-lagger-djurgarden-upp-planen-for-alexander-andersson-15-allsvenskan","status":"publish","type":"post","link":"https:\/\/www.europesays.com\/se\/106024\/","title":{"rendered":"S\u00e5 l\u00e4gger Djurg\u00e5rden upp planen f\u00f6r Alexander Andersson, 15 | Allsvenskan"},"content":{"rendered":"<p>Publicerad 14 dec 2025 kl 20.05<\/p>\n<p>PremiumI v\u00e5ras blev han den yngsta allsvenska debutanten genom tiderna.\u00a0<\/p>\n<p>I somras skrev han p\u00e5 ett A-lagskontrakt med Djurg\u00e5rden.<\/p>\n<p>Han g\u00e5r fortfarande i grundskolan.<\/p>\n<p>S\u00e5 h\u00e4r ser planen framledes ut f\u00f6r j\u00e4ttetalangen Alexander Andersson, 15.<\/p>\n<p><img   alt=\"\"\/><\/p>\n<p>Alexander Andersson.<\/p>\n<p>Foto: KENTA J\u00d6NSSON \/ BILDBYR\u00c5N<\/p>\n<p>\u00d6ppna bild i helsk\u00e4rm<img loading=\"lazy\"   alt=\"\"\/>\u00d6ppna bild i helsk\u00e4rm<\/p>\n","protected":false},"excerpt":{"rendered":"Publicerad 14 dec 2025 kl 20.05 PremiumI v\u00e5ras blev han den yngsta allsvenska debutanten genom tiderna.\u00a0 I somras&hellip;\n","protected":false},"author":2,"featured_media":106025,"comment_status":"","ping_status":"","sticky":false,"template":"","format":"standard","meta":{"footnotes":""},"categories":[68],"tags":[554,2348,103,34,130,129,111,110,31,33,32,30],"class_list":{"0":"post-106024","1":"post","2":"type-post","3":"status-publish","4":"format-standard","5":"has-post-thumbnail","7":"category-sport","8":"tag-organization-djurgarden-fotboll","9":"tag-person-bosse-andersson","10":"tag-premium","11":"tag-se","12":"tag-sections-allsvenskan","13":"tag-sections-fotboll","14":"tag-sport","15":"tag-sports","16":"tag-svenska","17":"tag-sverige","18":"tag-sweden","19":"tag-swedish"},"share_on_mastodon":{"url":"https:\/\/pubeurope.com\/@se\/115720114864532213","error":""},"_links":{"self":[{"href":"https:\/\/www.europesays.com\/se\/wp-json\/wp\/v2\/posts\/106024","targetHints":{"allow":["GET"]}}],"collection":[{"href":"https:\/\/www.europesays.com\/se\/wp-json\/wp\/v2\/posts"}],"about":[{"href":"https:\/\/www.europesays.com\/se\/wp-json\/wp\/v2\/types\/post"}],"author":[{"embeddable":true,"href":"https:\/\/www.europesays.com\/se\/wp-json\/wp\/v2\/users\/2"}],"replies":[{"embeddable":true,"href":"https:\/\/www.europesays.com\/se\/wp-json\/wp\/v2\/comments?post=106024"}],"version-history":[{"count":0,"href":"https:\/\/www.europesays.com\/se\/wp-json\/wp\/v2\/posts\/106024\/revisions"}],"wp:featuredmedia":[{"embeddable":true,"href":"https:\/\/www.europesays.com\/se\/wp-json\/wp\/v2\/media\/106025"}],"wp:attachment":[{"href":"https:\/\/www.europesays.com\/se\/wp-json\/wp\/v2\/media?parent=106024"}],"wp:term":[{"taxonomy":"category","embeddable":true,"href":"https:\/\/www.europesays.com\/se\/wp-json\/wp\/v2\/categories?post=106024"},{"taxonomy":"post_tag","embeddable":true,"href":"https:\/\/www.europesays.com\/se\/wp-json\/wp\/v2\/tags?post=106024"}],"curies":[{"name":"wp","href":"https:\/\/api.w.org\/{rel}","templated":true}]}}