{"id":106026,"date":"2025-12-14T21:51:09","date_gmt":"2025-12-14T21:51:09","guid":{"rendered":"https:\/\/www.europesays.com\/se\/106026\/"},"modified":"2025-12-14T21:51:09","modified_gmt":"2025-12-14T21:51:09","slug":"allt-annat-an-en-idealisk-uppstallning","status":"publish","type":"post","link":"https:\/\/www.europesays.com\/se\/106026\/","title":{"rendered":"\u201dAllt annat \u00e4n en idealisk uppst\u00e4llning\u201d"},"content":{"rendered":"<p>S\u00f6ndagens m\u00f6te mellan Ukraina, Tyskland och USA i Berlin har avslutats efter \u00f6ver fem timmar, rapporterar flera medier. Ukrainas president Volodymyr Zelenskyj har bland annat pratat med Steve Witkoff och Jared Kushner om ett fredsavtal med Ryssland. <\/p>\n<p>Tysklands f\u00f6rsvarsminister Boris Pistorius s\u00e4ger i en intervju med ZDF Heute att det \u00e4r ett gott tecken att USA tagit sig till Berlin f\u00f6r nya samtal om fred. D\u00e4remot riktar han en k\u00e4nga till de amerikanska f\u00f6rhandlarna. <\/p>\n<p>Trumps s\u00e4rskilda s\u00e4ndebud Witkoff och sv\u00e4rsonen Kushner har under f\u00f6rhandlingarna bland annat bes\u00f6kt Moskva, d\u00e4r de uttryckte sig positivt efter m\u00f6te med den ryske presidenten Vladimir Putin. <\/p>\n<p>\u2013 Det \u00e4r allt annat \u00e4n en idealisk uppst\u00e4llning, men man kan bara dansa med de m\u00e4nniskor som finns p\u00e5 dansgolvet, s\u00e4ger han. <\/p>\n<p>Under dagen har Ryssland uttryckt sig negativt om samtalen i Berlin, skriver Handelsblatt. Inf\u00f6r m\u00f6tet sa Putins r\u00e5dgivare Jurij Usjakov att samtalen inte l\u00e4r vara konstruktiva.  <\/p>\n<p>Omni \u00e4r politiskt obundna och oberoende. Vi str\u00e4var efter att ge fler perspektiv p\u00e5 nyheterna. Har du fr\u00e5gor eller synpunkter kring v\u00e5r rapportering? <a href=\"https:\/\/omni.se\/tyskt-missnoje-med-usa-s-delegation-allt-annat-an-en-idealisk-uppstallning\/a\/mailto:redaktion@omni.se\" class=\"ArticleActions_contactLink__W2F1M\" rel=\"nofollow noopener\" target=\"_blank\">Kontakta redaktionen<\/a><\/p>\n","protected":false},"excerpt":{"rendered":"S\u00f6ndagens m\u00f6te mellan Ukraina, Tyskland och USA i Berlin har avslutats efter \u00f6ver fem timmar, rapporterar flera medier.&hellip;\n","protected":false},"author":2,"featured_media":106027,"comment_status":"","ping_status":"","sticky":false,"template":"","format":"standard","meta":{"footnotes":""},"categories":[14],"tags":[22,23,267,26,27,17,21,10798,24,25,28,29,15,268,16,18,269,264,34,9122,31,33,32,30,19,20,408,263,74,51,261,262,52,53,54],"class_list":{"0":"post-106026","1":"post","2":"type-post","3":"status-publish","4":"format-standard","5":"has-post-thumbnail","7":"category-varlden","8":"tag-breaking-news","9":"tag-breakingnews","10":"tag-europa","11":"tag-featured-news","12":"tag-featurednews","13":"tag-headlines","14":"tag-huvudnyheter","15":"tag-jared-kushner","16":"tag-latest-news","17":"tag-latestnews","18":"tag-main-news","19":"tag-mainnews","20":"tag-news","21":"tag-nordamerika","22":"tag-nyheter","23":"tag-rubriker","24":"tag-ryska-invasionen","25":"tag-ryssland","26":"tag-se","27":"tag-steve-witkoff","28":"tag-svenska","29":"tag-sverige","30":"tag-sweden","31":"tag-swedish","32":"tag-top-stories","33":"tag-topstories","34":"tag-tyskland","35":"tag-ukraina","36":"tag-usa","37":"tag-varlden","38":"tag-vladimir-putin","39":"tag-volodymyr-zelenskyj","40":"tag-world","41":"tag-world-news","42":"tag-worldnews"},"share_on_mastodon":{"url":"https:\/\/pubeurope.com\/@se\/115720138487952683","error":""},"_links":{"self":[{"href":"https:\/\/www.europesays.com\/se\/wp-json\/wp\/v2\/posts\/106026","targetHints":{"allow":["GET"]}}],"collection":[{"href":"https:\/\/www.europesays.com\/se\/wp-json\/wp\/v2\/posts"}],"about":[{"href":"https:\/\/www.europesays.com\/se\/wp-json\/wp\/v2\/types\/post"}],"author":[{"embeddable":true,"href":"https:\/\/www.europesays.com\/se\/wp-json\/wp\/v2\/users\/2"}],"replies":[{"embeddable":true,"href":"https:\/\/www.europesays.com\/se\/wp-json\/wp\/v2\/comments?post=106026"}],"version-history":[{"count":0,"href":"https:\/\/www.europesays.com\/se\/wp-json\/wp\/v2\/posts\/106026\/revisions"}],"wp:featuredmedia":[{"embeddable":true,"href":"https:\/\/www.europesays.com\/se\/wp-json\/wp\/v2\/media\/106027"}],"wp:attachment":[{"href":"https:\/\/www.europesays.com\/se\/wp-json\/wp\/v2\/media?parent=106026"}],"wp:term":[{"taxonomy":"category","embeddable":true,"href":"https:\/\/www.europesays.com\/se\/wp-json\/wp\/v2\/categories?post=106026"},{"taxonomy":"post_tag","embeddable":true,"href":"https:\/\/www.europesays.com\/se\/wp-json\/wp\/v2\/tags?post=106026"}],"curies":[{"name":"wp","href":"https:\/\/api.w.org\/{rel}","templated":true}]}}