{"id":106037,"date":"2025-12-14T22:13:08","date_gmt":"2025-12-14T22:13:08","guid":{"rendered":"https:\/\/www.europesays.com\/se\/106037\/"},"modified":"2025-12-14T22:13:08","modified_gmt":"2025-12-14T22:13:08","slug":"kaxiga-inlagget-efter-stjarnparets-uppbrott","status":"publish","type":"post","link":"https:\/\/www.europesays.com\/se\/106037\/","title":{"rendered":"Kaxiga inl\u00e4gget \u2013 efter stj\u00e4rnparets uppbrott"},"content":{"rendered":"<p>Publicerad 14 dec 2025 kl 22.56<\/p>\n<p>NFL-stj\u00e4rnan Braxton Berrios och influencern Alix Earle var ett par i drygt tv\u00e5 \u00e5r.<\/p>\n<p>Nu \u00e4r relationen \u00f6ver.<\/p>\n<p>\u201dVad har jag missat?\u201d fr\u00e5gar Berrios p\u00e5 Instagram i hans f\u00f6rsta inl\u00e4gg efter uppbrottet.<\/p>\n<p>Samtidigt ber\u00e4ttar en t\u00e5rfylld Earle att relationen \u00e4r \u00f6ver i ett inl\u00e4gg p\u00e5 Tiktok.<\/p>\n<p>Senaste n\u00f6jesklippen fr\u00e5n Expressen.<img   alt=\"\"\/><\/p>\n<p>Braxton Berrios och Alix Earle har gjort slut.<\/p>\n<p>Foto: SHUTTERSTOCK EDITORIAL\/IBL<\/p>\n<p>\u00d6ppna bild i helsk\u00e4rm<\/p>\n<p>Influencern Alix Earle, 24, slog igenom p\u00e5 Tiktok f\u00f6r fem \u00e5r sedan. Sedan dess har hennes stj\u00e4rna v\u00e4xt.<\/p>\n<p>F\u00f6r tv\u00e5 \u00e5r sedan b\u00f6rjade hon dejta <a href=\"https:\/\/www.expressen.se\/tagg\/organization\/nfl\/\" class=\"\" rel=\"nofollow noopener\" target=\"_blank\">NFL<\/a>-stj\u00e4rnan Braxton Berrios, 30, och kort d\u00e4refter blev de ett par. Och trots att paret bodde i Miami respektive Houston s\u00e5 h\u00f6ll de ihop \u2013 fram tills nyligen.<\/p>\n<p>Under h\u00f6sten har Earle medverkat i \u201dDancing with the Stars\u201d, vilket \u00e4r amerikanska \u201dLet&#8217;s dance\u201d och till stora delar bott i Los Angeles d\u00e4r programmet spelas in.<\/p>\n<p>Avst\u00e5ndet mellan dem verkar ha varit det som till sist satte spiken i kistan f\u00f6r dem. P\u00e5 l\u00f6rdagen ber\u00e4ttade en t\u00e5rfylld Earle att relationen var till \u00e4nda.<\/p>\n<p>\u2013 Braxton och jag \u00e4r inte l\u00e4ngre tillsammans. Vi har haft ett l\u00e5ngdistansf\u00f6rh\u00e5llande sedan i juni och vi har inte setts s\u00e5 ofta. Det har varit v\u00e4ldigt sv\u00e5rt f\u00f6r mig, s\u00e4ger hon p\u00e5 Tiktok, <a href=\"https:\/\/www.usmagazine.com\/celebrity-news\/news\/alix-earle-tearfully-breaks-her-silence-after-braxton-berrios-split\/\" rel=\"nofollow noopener\" target=\"_blank\">rapporterar Us Weekly<\/a>.<\/p>\n<p>\u201dVad har jag missat?\u201d<\/p>\n<p>I klippet s\u00e4ger hon ocks\u00e5 att hon vill flytta till Los Angeles permanent och att hon k\u00e4nner att hon \u201dinte kan vara det Braxton beh\u00f6ver\u201d.<\/p>\n<p>\u2013 Jag vill att han ska ha n\u00e5gon som kan vara d\u00e4r f\u00f6r honom dygnet runt och st\u00f6tta honom. Han f\u00f6rv\u00e4ntade sig inte riktigt det av mig&#8230; jag hade d\u00e5ligt samvete hela tiden.<\/p>\n<p>Tiktokvideon kom tv\u00e5 dagar efter att Berrios bem\u00f6tte spekulationerna om deras uppbrott.<\/p>\n<p>\u201dVad har jag missat?\u201d skriver han i sitt f\u00f6rsta inl\u00e4gg p\u00e5 Instagram sedan i oktober, f\u00f6ljt av en bildkavalkad p\u00e5 honom sj\u00e4lv.<\/p>\n<p>En kommentar som blev uppm\u00e4rksammad till bilden var den som svarade: \u201dAlla Alix framtr\u00e4danden i Dancing with the stars\u201d, en pik mot att han inte varit p\u00e5 plats och sett henne en enda g\u00e5ng.<\/p>\n<p><a href=\"https:\/\/www.instagram.com\/p\/DSJO8mzEaqi\/?igsh=aXc3dzdncmNlY2lr\" data-provider=\"instagram\" class=\"js-social-embed\" rel=\"nofollow noopener\" target=\"_blank\">https:\/\/www.instagram.com\/p\/DSJO8mzEaqi\/?igsh=aXc3dzdncmNlY2lr<\/a><script async src=\"\/\/www.instagram.com\/embed.js\"><\/script><\/p>\n","protected":false},"excerpt":{"rendered":"Publicerad 14 dec 2025 kl 22.56 NFL-stj\u00e4rnan Braxton Berrios och influencern Alix Earle var ett par i drygt&hellip;\n","protected":false},"author":2,"featured_media":106038,"comment_status":"","ping_status":"","sticky":false,"template":"","format":"standard","meta":{"footnotes":""},"categories":[67],"tags":[104,1189,34,31,33,32,30,428,105],"class_list":{"0":"post-106037","1":"post","2":"type-post","3":"status-publish","4":"format-standard","5":"has-post-thumbnail","7":"category-underhallning","8":"tag-entertainment","9":"tag-organization-nfl","10":"tag-se","11":"tag-svenska","12":"tag-sverige","13":"tag-sweden","14":"tag-swedish","15":"tag-topic-influencers","16":"tag-underhallning"},"share_on_mastodon":{"url":"https:\/\/pubeurope.com\/@se\/115720224988788062","error":""},"_links":{"self":[{"href":"https:\/\/www.europesays.com\/se\/wp-json\/wp\/v2\/posts\/106037","targetHints":{"allow":["GET"]}}],"collection":[{"href":"https:\/\/www.europesays.com\/se\/wp-json\/wp\/v2\/posts"}],"about":[{"href":"https:\/\/www.europesays.com\/se\/wp-json\/wp\/v2\/types\/post"}],"author":[{"embeddable":true,"href":"https:\/\/www.europesays.com\/se\/wp-json\/wp\/v2\/users\/2"}],"replies":[{"embeddable":true,"href":"https:\/\/www.europesays.com\/se\/wp-json\/wp\/v2\/comments?post=106037"}],"version-history":[{"count":0,"href":"https:\/\/www.europesays.com\/se\/wp-json\/wp\/v2\/posts\/106037\/revisions"}],"wp:featuredmedia":[{"embeddable":true,"href":"https:\/\/www.europesays.com\/se\/wp-json\/wp\/v2\/media\/106038"}],"wp:attachment":[{"href":"https:\/\/www.europesays.com\/se\/wp-json\/wp\/v2\/media?parent=106037"}],"wp:term":[{"taxonomy":"category","embeddable":true,"href":"https:\/\/www.europesays.com\/se\/wp-json\/wp\/v2\/categories?post=106037"},{"taxonomy":"post_tag","embeddable":true,"href":"https:\/\/www.europesays.com\/se\/wp-json\/wp\/v2\/tags?post=106037"}],"curies":[{"name":"wp","href":"https:\/\/api.w.org\/{rel}","templated":true}]}}