{"id":106039,"date":"2025-12-14T22:17:08","date_gmt":"2025-12-14T22:17:08","guid":{"rendered":"https:\/\/www.europesays.com\/se\/106039\/"},"modified":"2025-12-14T22:17:08","modified_gmt":"2025-12-14T22:17:08","slug":"livsmedelsproducenter-tar-notan-for-billigare-mat","status":"publish","type":"post","link":"https:\/\/www.europesays.com\/se\/106039\/","title":{"rendered":"\u201dLivsmedelsproducenter tar notan f\u00f6r billigare mat\u201d"},"content":{"rendered":"<p>N\u00e4r matmomsen halveras den 1 april n\u00e4sta \u00e5r, ska en matpriskommission se till att handlarna inte st\u00e5r i v\u00e4gen f\u00f6r att s\u00e4nkningen n\u00e5r konsumenterna. Flera st\u00f6rre dagligvaruakt\u00f6rer har redan aviserat att de inte kommer att acceptera h\u00f6jda leverant\u00f6rspriser i v\u00e5r. <\/p>\n<p>Det s\u00e4tter f\u00f6retagen i kl\u00e4m \u2013 f\u00f6r en momss\u00e4nkning hindrar inte r\u00e5varupriserna fr\u00e5n att stiga, skriver Livsmedelsf\u00f6retagens vd Bj\u00f6rn Hellman och chefekonomen Carl Eckerdal p\u00e5 DN Debatt. <\/p>\n<p>Samtidigt tvingas leverant\u00f6rer och handlare betala f\u00f6r diverse andra politiska \u00e5tg\u00e4rder som ger merkostnader. <\/p>\n<p>\u201dDen billigare maten kommer med ett pris, och det \u00e4r de svenska livsmedelsproducenterna som f\u00e5r ta notan,\u201d skriver de. <\/p>\n<p>Omni \u00e4r politiskt obundna och oberoende. Vi str\u00e4var efter att ge fler perspektiv p\u00e5 nyheterna. Har du fr\u00e5gor eller synpunkter kring v\u00e5r rapportering? <a href=\"https:\/\/omni.se\/livsmedelsproducenter-tar-notan-for-billigare-mat\/a\/mailto:redaktion@omni.se\" class=\"ArticleActions_contactLink__W2F1M\" rel=\"nofollow noopener\" target=\"_blank\">Kontakta redaktionen<\/a><\/p>\n","protected":false},"excerpt":{"rendered":"N\u00e4r matmomsen halveras den 1 april n\u00e4sta \u00e5r, ska en matpriskommission se till att handlarna inte st\u00e5r i&hellip;\n","protected":false},"author":2,"featured_media":106040,"comment_status":"","ping_status":"","sticky":false,"template":"","format":"standard","meta":{"footnotes":""},"categories":[12],"tags":[22,23,26,27,951,17,21,24,25,490,491,28,29,15,16,369,18,34,31,33,32,30,19,20],"class_list":{"0":"post-106039","1":"post","2":"type-post","3":"status-publish","4":"format-standard","5":"has-post-thumbnail","7":"category-sverige","8":"tag-breaking-news","9":"tag-breakingnews","10":"tag-featured-news","11":"tag-featurednews","12":"tag-handel-tjanster","13":"tag-headlines","14":"tag-huvudnyheter","15":"tag-latest-news","16":"tag-latestnews","17":"tag-livsmedelsforetagen","18":"tag-livsmedelsindustri","19":"tag-main-news","20":"tag-mainnews","21":"tag-news","22":"tag-nyheter","23":"tag-politik","24":"tag-rubriker","25":"tag-se","26":"tag-svenska","27":"tag-sverige","28":"tag-sweden","29":"tag-swedish","30":"tag-top-stories","31":"tag-topstories"},"share_on_mastodon":{"url":"https:\/\/pubeurope.com\/@se\/115720240749809938","error":""},"_links":{"self":[{"href":"https:\/\/www.europesays.com\/se\/wp-json\/wp\/v2\/posts\/106039","targetHints":{"allow":["GET"]}}],"collection":[{"href":"https:\/\/www.europesays.com\/se\/wp-json\/wp\/v2\/posts"}],"about":[{"href":"https:\/\/www.europesays.com\/se\/wp-json\/wp\/v2\/types\/post"}],"author":[{"embeddable":true,"href":"https:\/\/www.europesays.com\/se\/wp-json\/wp\/v2\/users\/2"}],"replies":[{"embeddable":true,"href":"https:\/\/www.europesays.com\/se\/wp-json\/wp\/v2\/comments?post=106039"}],"version-history":[{"count":0,"href":"https:\/\/www.europesays.com\/se\/wp-json\/wp\/v2\/posts\/106039\/revisions"}],"wp:featuredmedia":[{"embeddable":true,"href":"https:\/\/www.europesays.com\/se\/wp-json\/wp\/v2\/media\/106040"}],"wp:attachment":[{"href":"https:\/\/www.europesays.com\/se\/wp-json\/wp\/v2\/media?parent=106039"}],"wp:term":[{"taxonomy":"category","embeddable":true,"href":"https:\/\/www.europesays.com\/se\/wp-json\/wp\/v2\/categories?post=106039"},{"taxonomy":"post_tag","embeddable":true,"href":"https:\/\/www.europesays.com\/se\/wp-json\/wp\/v2\/tags?post=106039"}],"curies":[{"name":"wp","href":"https:\/\/api.w.org\/{rel}","templated":true}]}}