{"id":106043,"date":"2025-12-14T22:28:08","date_gmt":"2025-12-14T22:28:08","guid":{"rendered":"https:\/\/www.europesays.com\/se\/106043\/"},"modified":"2025-12-14T22:28:08","modified_gmt":"2025-12-14T22:28:08","slug":"fulla-tvattbjornen-en-serieforbrytare-3","status":"publish","type":"post","link":"https:\/\/www.europesays.com\/se\/106043\/","title":{"rendered":"Fulla tv\u00e4ttbj\u00f6rnen \u2013 en serief\u00f6rbrytare"},"content":{"rendered":"<p>Bilderna p\u00e5 tv\u00e4ttbj\u00f6rnen i spritbutiken i amerikanska Ashland fick internationell uppm\u00e4rksamhet. Efter att ha r\u00f6jt runt i butiken och smakat p\u00e5 inneh\u00e5llet i de s\u00f6nderslagna flaskorna tog det stopp inne p\u00e5 en toalett.<\/p>\n<p>Djurv\u00e5rdaren <strong>Samantha Martin<\/strong>, som fick ta hand om det utslagna djuret, avsl\u00f6jar nu att tv\u00e4ttbj\u00f6rnen tidigare tagit sig in i en karatelokal samt en fordonsmyndighet och \u00e4tit snacks d\u00e4rinne.<\/p>\n<p><strong>L\u00e4s ocks\u00e5:<\/strong> <a href=\"https:\/\/www.news55.se\/husdjur\/nyarsafton-utan-smallare-hundfest-i-tunnelbanan-kan-bli-verklighet\/\" rel=\"nofollow noopener\" target=\"_blank\">Ny\u00e5rsafton utan sm\u00e4llare: Hundfest i tunnelbanan kan bli verklighet<\/a><\/p>\n<p>\u201cDet h\u00e4r verkar vara hans tredje inbrott\u201d, s\u00e4ger hon om spritbutiksincidenten enligt lokala medier.<\/p>\n<p>Efter att ha nyktrat till sl\u00e4pptes tv\u00e4ttbj\u00f6rnen ut i n\u00e4romr\u00e5det. Fler inbrott \u00e4r sannolikt att v\u00e4nta, enligt Martin:<\/p>\n<p>\u201cHan \u00e4r smart\u201d.<\/p>\n<p>Historien har inneburit ett uppsving f\u00f6r stadens djurskydd, som samlat in \u00f6ver 200\u00a0000 dollar genom bland annat tr\u00f6jf\u00f6rs\u00e4ljning.<\/p>\n<p><strong>L\u00e4s mer p\u00e5 News55:<\/strong><\/p>\n<p>ANNONS<\/p>\n<p><a href=\"https:\/\/www.news55.se\/samhalle\/93-ariga-ingrid-fick-nej-till-aldreboende-trots-stroke-och-ensamhet\/\" rel=\"nofollow noopener\" target=\"_blank\">93-\u00e5riga Ingrid fick nej till \u00e4ldreboende \u2013 trots stroke och ensamhet<\/a><\/p>\n<p><a href=\"https:\/\/www.news55.se\/privatekonomi\/staten-havar-in-313-miljarder-nar-dold-skatt-hojs-efter-nyar\/\" rel=\"nofollow noopener\" target=\"_blank\">Staten h\u00e5var in 313 miljarder \u2013 n\u00e4r dold skatt h\u00f6js efter ny\u00e5r<\/a><\/p>\n<p><a href=\"https:\/\/www.news55.se\/resor\/gran-canaria-vagorna-ar-10-meter-hoga-vi-haller-oss-inne\/\" rel=\"nofollow noopener\" target=\"_blank\">Gran Canaria: \u201cV\u00e5gorna \u00e4r 10 meter h\u00f6ga, vi h\u00e5ller oss inne\u201d<\/a><\/p>\n<p><a href=\"https:\/\/www.news55.se\/livsstil\/celebriteter\/fulla-tvattbjornen-en-serieforbrytare\/Lista: 5 gamla mobiltelefoner som \u00e4r v\u00e4rda en halv f\u00f6rm\u00f6genhet\" rel=\"nofollow noopener\" target=\"_blank\">Lista: 5 gamla mobiltelefoner som \u00e4r v\u00e4rda en halv f\u00f6rm\u00f6genhet<\/a><\/p>\n","protected":false},"excerpt":{"rendered":"Bilderna p\u00e5 tv\u00e4ttbj\u00f6rnen i spritbutiken i amerikanska Ashland fick internationell uppm\u00e4rksamhet. Efter att ha r\u00f6jt runt i butiken&hellip;\n","protected":false},"author":2,"featured_media":106044,"comment_status":"","ping_status":"","sticky":false,"template":"","format":"standard","meta":{"footnotes":""},"categories":[12],"tags":[1030,11865,22,23,228,26,27,17,21,24,25,28,29,15,16,18,34,31,33,32,30,19,20,74,10116],"class_list":{"0":"post-106043","1":"post","2":"type-post","3":"status-publish","4":"format-standard","5":"has-post-thumbnail","7":"category-sverige","8":"tag-alkohol","9":"tag-bjorn","10":"tag-breaking-news","11":"tag-breakingnews","12":"tag-djur","13":"tag-featured-news","14":"tag-featurednews","15":"tag-headlines","16":"tag-huvudnyheter","17":"tag-latest-news","18":"tag-latestnews","19":"tag-main-news","20":"tag-mainnews","21":"tag-news","22":"tag-nyheter","23":"tag-rubriker","24":"tag-se","25":"tag-svenska","26":"tag-sverige","27":"tag-sweden","28":"tag-swedish","29":"tag-top-stories","30":"tag-topstories","31":"tag-usa","32":"tag-vin"},"share_on_mastodon":{"url":"https:\/\/pubeurope.com\/@se\/115720283993598914","error":""},"_links":{"self":[{"href":"https:\/\/www.europesays.com\/se\/wp-json\/wp\/v2\/posts\/106043","targetHints":{"allow":["GET"]}}],"collection":[{"href":"https:\/\/www.europesays.com\/se\/wp-json\/wp\/v2\/posts"}],"about":[{"href":"https:\/\/www.europesays.com\/se\/wp-json\/wp\/v2\/types\/post"}],"author":[{"embeddable":true,"href":"https:\/\/www.europesays.com\/se\/wp-json\/wp\/v2\/users\/2"}],"replies":[{"embeddable":true,"href":"https:\/\/www.europesays.com\/se\/wp-json\/wp\/v2\/comments?post=106043"}],"version-history":[{"count":0,"href":"https:\/\/www.europesays.com\/se\/wp-json\/wp\/v2\/posts\/106043\/revisions"}],"wp:featuredmedia":[{"embeddable":true,"href":"https:\/\/www.europesays.com\/se\/wp-json\/wp\/v2\/media\/106044"}],"wp:attachment":[{"href":"https:\/\/www.europesays.com\/se\/wp-json\/wp\/v2\/media?parent=106043"}],"wp:term":[{"taxonomy":"category","embeddable":true,"href":"https:\/\/www.europesays.com\/se\/wp-json\/wp\/v2\/categories?post=106043"},{"taxonomy":"post_tag","embeddable":true,"href":"https:\/\/www.europesays.com\/se\/wp-json\/wp\/v2\/tags?post=106043"}],"curies":[{"name":"wp","href":"https:\/\/api.w.org\/{rel}","templated":true}]}}