{"id":106057,"date":"2025-12-14T22:50:18","date_gmt":"2025-12-14T22:50:18","guid":{"rendered":"https:\/\/www.europesays.com\/se\/106057\/"},"modified":"2025-12-14T22:50:18","modified_gmt":"2025-12-14T22:50:18","slug":"williot-swedberg-malskytt-for-celta-vigo","status":"publish","type":"post","link":"https:\/\/www.europesays.com\/se\/106057\/","title":{"rendered":"Williot Swedberg m\u00e5lskytt f\u00f6r Celta Vigo"},"content":{"rendered":"<p>Publicerad 14 dec 2025 kl 17.41Uppdaterad kl 22.57<\/p>\n<p>Williot Swedberg \u00e4r stekhet.\u00a0<\/p>\n<p>Svensken \u00e4r m\u00e5lskytt f\u00f6r Celta Vigo \u2013 igen.\u00a0<\/p>\n<p>Han skickade in ledningsm\u00e5let hemma mot Athletic Club.\u00a0<\/p>\n<p>Senaste sportklippen fr\u00e5n Expressen.<img   alt=\"\"\/><\/p>\n<p>Williot Swedberg har gjort m\u00e5l igen.<\/p>\n<p>Foto: IMAGO\/DIEGO SIMON \/ IMAGO\/PHOTO PLAYERS IMAGES WWW.IMAGO-IMAGES.DE<\/p>\n<p>\u00d6ppna bild i helsk\u00e4rm<img loading=\"lazy\"   alt=\"\"\/> <\/p>\n<p>Foto: IMAGO\/DIEGO SIMON \/ IMAGO\/PHOTO PLAYERS IMAGES WWW.IMAGO-IMAGES.DE<\/p>\n<p>\u00d6ppna bild i helsk\u00e4rm<\/p>\n<p>F\u00f6rra veckan avgjorde <a href=\"https:\/\/www.expressen.se\/tagg\/person\/williot-swedberg\/\" class=\"\" rel=\"nofollow noopener\" target=\"_blank\">Williot Swedberg<\/a> borta mot Real Madrid med dubbla m\u00e5l.\u00a0<\/p>\n<p>Under s\u00f6ndagen slog svensken till igen.\u00a0<\/p>\n<p>21-\u00e5ringen fick chansen fr\u00e5n start och tidigt i den andra halvleken skickade han in 1\u20130 bakom m\u00e5lvakt Unai Simon.<\/p>\n<p>Han h\u00f6ll sig framme i straffomr\u00e5det och nickade in bollen fr\u00e5n n\u00e4ra h\u00e5ll.\u00a0<\/p>\n<p>Sju minuter senare hade lagkamrat Jones El Abdellaoui ut\u00f6kat till 2\u20130.\u00a0<\/p>\n<p>M\u00e5let var hans tredje i ligaspelet den h\u00e4r s\u00e4songen och det tolfte totalt sedan flytten fr\u00e5n Hammarby 2022.\u00a0<\/p>\n<p>Matchen slutade 2\u20130.\u00a0<\/p>\n","protected":false},"excerpt":{"rendered":"Publicerad 14 dec 2025 kl 17.41Uppdaterad kl 22.57 Williot Swedberg \u00e4r stekhet.\u00a0 Svensken \u00e4r m\u00e5lskytt f\u00f6r Celta Vigo&hellip;\n","protected":false},"author":2,"featured_media":106058,"comment_status":"","ping_status":"","sticky":false,"template":"","format":"standard","meta":{"footnotes":""},"categories":[68],"tags":[11866,4614,34,129,4677,111,110,31,33,32,30],"class_list":{"0":"post-106057","1":"post","2":"type-post","3":"status-publish","4":"format-standard","5":"has-post-thumbnail","7":"category-sport","8":"tag-organization-celta-de-vigo","9":"tag-person-williot-swedberg","10":"tag-se","11":"tag-sections-fotboll","12":"tag-sections-laliga","13":"tag-sport","14":"tag-sports","15":"tag-svenska","16":"tag-sverige","17":"tag-sweden","18":"tag-swedish"},"share_on_mastodon":{"url":"https:\/\/pubeurope.com\/@se\/115720370502274245","error":""},"_links":{"self":[{"href":"https:\/\/www.europesays.com\/se\/wp-json\/wp\/v2\/posts\/106057","targetHints":{"allow":["GET"]}}],"collection":[{"href":"https:\/\/www.europesays.com\/se\/wp-json\/wp\/v2\/posts"}],"about":[{"href":"https:\/\/www.europesays.com\/se\/wp-json\/wp\/v2\/types\/post"}],"author":[{"embeddable":true,"href":"https:\/\/www.europesays.com\/se\/wp-json\/wp\/v2\/users\/2"}],"replies":[{"embeddable":true,"href":"https:\/\/www.europesays.com\/se\/wp-json\/wp\/v2\/comments?post=106057"}],"version-history":[{"count":0,"href":"https:\/\/www.europesays.com\/se\/wp-json\/wp\/v2\/posts\/106057\/revisions"}],"wp:featuredmedia":[{"embeddable":true,"href":"https:\/\/www.europesays.com\/se\/wp-json\/wp\/v2\/media\/106058"}],"wp:attachment":[{"href":"https:\/\/www.europesays.com\/se\/wp-json\/wp\/v2\/media?parent=106057"}],"wp:term":[{"taxonomy":"category","embeddable":true,"href":"https:\/\/www.europesays.com\/se\/wp-json\/wp\/v2\/categories?post=106057"},{"taxonomy":"post_tag","embeddable":true,"href":"https:\/\/www.europesays.com\/se\/wp-json\/wp\/v2\/tags?post=106057"}],"curies":[{"name":"wp","href":"https:\/\/api.w.org\/{rel}","templated":true}]}}