{"id":106068,"date":"2025-12-14T23:15:13","date_gmt":"2025-12-14T23:15:13","guid":{"rendered":"https:\/\/www.europesays.com\/se\/106068\/"},"modified":"2025-12-14T23:15:13","modified_gmt":"2025-12-14T23:15:13","slug":"oliver-marcelius-och-joel-nyman-malskyttar-i-grums-forlust-nwt","status":"publish","type":"post","link":"https:\/\/www.europesays.com\/se\/106068\/","title":{"rendered":"Oliver Marcelius och Joel Nyman m\u00e5lskyttar i Grums f\u00f6rlust &#8211; NWT"},"content":{"rendered":"<ol>\n<li><a href=\"https:\/\/news.google.com\/rss\/articles\/CBMimwFBVV95cUxPSzN0cHlQSEQtNm5WT19TSTNtcVpfekc5SEpyUEtBNFlsSmlPdWZ5YlFYeUc2Sjg4MEY5RnZucXFFSDlsdEZhZTBLLWY3QWxpSUoxcmxTSV9aaGtQTVQ5cmQ4a3FlVUNuU3N0U0REVWpaLTZ5YVBVeGk2OWo5VnphNW16UTJuUm1kMGVkSnFlUE13eVQ4bmh1T2JXVQ?oc=5\" target=\"_blank\" rel=\"nofollow noopener\">Oliver Marcelius och Joel Nyman m\u00e5lskyttar i Grums f\u00f6rlust<\/a>&nbsp;&nbsp;NWT<\/li>\n<li><a href=\"https:\/\/news.google.com\/rss\/articles\/CBMiiwFBVV95cUxOTkJfbTlVdmZyQktEQm0zMFpLcWQtYThkVWswOTF3RVR2bGVSTjdoeHU2VngxVVY3b0xfeWJSaWRNMk5sQ3haNi03Z2dqZkNXcWNSckhjc2xsZTdBcmxkMlhtY0w3eTVNRFhSSWJVcUoyc0FGQ245ZktrMEFRMXJ2Q194TGVKUEVTaFZZ?oc=5\" target=\"_blank\" rel=\"nofollow noopener\">F\u00f6rlustsviten bruten f\u00f6r Nyk\u00f6ping<\/a>&nbsp;&nbsp;SN, S\u00f6dermanlands Nyheter<\/li>\n<li><a href=\"https:\/\/news.google.com\/rss\/articles\/CBMifEFVX3lxTFBodFktWjlkX0t4VzRoS3ZHNXlGUFpYV09GWnZwWXQ5LWo2VzRTMUJrWWdwXzYyZVRQMWNyNWxjTXJ2OThEaFVMbFQ3VXM3Nzk4XzhMcHU0My1CRXVZWENiRUJ5OXAtQ19TLXNvU19lMl9TNThFM014amNCdHA?oc=5\" target=\"_blank\" rel=\"nofollow noopener\">Seger f\u00f6r Nyk\u00f6ping \u2013 steg \u00e5t r\u00e4tt h\u00e5ll mot Grums<\/a>&nbsp;&nbsp;HockeyNews<\/li>\n<li><a href=\"https:\/\/news.google.com\/rss\/articles\/CBMivgFBVV95cUxPZFQwaUJCQU1HOWZEb0RETTEyYkxzYjhSLXRpUVpiUmFiakhQeFI0VlFCTHpXOXdGSmZ5MUpCbC1kemU2ZGZlaW0zRFNjNHRhNG5XdllzRlFsZGswbVNnQXk1bEhYZWtxcDA0MzY2SEM1b2RDQUZyZU1rVzM1ck5KbG53eEJyaC0tWG4taU5mZ2xyQXptNGtjWEpBeVhmTm04R3QyQ3hIRDdra19IZnM3cVE2TW1NMzNvQ2NDWk9B?oc=5\" target=\"_blank\" rel=\"nofollow noopener\">F\u00f6rlust f\u00f6r Nyk\u00f6ping trots m\u00e5l av William Hildebertszon och Albin Stark<\/a>&nbsp;&nbsp;SN, S\u00f6dermanlands Nyheter<\/li>\n<li><a href=\"https:\/\/news.google.com\/rss\/articles\/CBMiqgFBVV95cUxPNVYzVmZ3T0ZUcktEdmt3a1hhNHpPSGpMSGFkQmhmaFlzOElsVlVmdW1kVzMwTWdwLXNiN2xGN2lTY3lVYWR6ODZSemZIRDhoX0poU3dJTFVzejNCOVZXcDlrLUt2NW5WbEpVTnJDMnA5b04yT0V3OWFHWlpNdlpMLThrX0Y0UXdHaU4wM0FLMUU2LWptczk4OVFpUDFwWUFfNXd1aHowMDhZUQ?oc=5\" target=\"_blank\" rel=\"nofollow noopener\">Efter elva f\u00f6rluster i rad \u2013 \u00e4ntligen \u00e4r sviten bruten f\u00f6r Nyk\u00f6ping<\/a>&nbsp;&nbsp;hockeysverige.se<\/li>\n<\/ol>\n","protected":false},"excerpt":{"rendered":"Oliver Marcelius och Joel Nyman m\u00e5lskyttar i Grums f\u00f6rlust&nbsp;&nbsp;NWT F\u00f6rlustsviten bruten f\u00f6r Nyk\u00f6ping&nbsp;&nbsp;SN, S\u00f6dermanlands Nyheter Seger f\u00f6r Nyk\u00f6ping&hellip;\n","protected":false},"author":2,"featured_media":106069,"comment_status":"","ping_status":"","sticky":false,"template":"","format":"standard","meta":{"footnotes":""},"categories":[68],"tags":[34,111,110,31,33,32,30],"class_list":{"0":"post-106068","1":"post","2":"type-post","3":"status-publish","4":"format-standard","5":"has-post-thumbnail","7":"category-sport","8":"tag-se","9":"tag-sport","10":"tag-sports","11":"tag-svenska","12":"tag-sverige","13":"tag-sweden","14":"tag-swedish"},"share_on_mastodon":{"url":"https:\/\/pubeurope.com\/@se\/115720468726546761","error":""},"_links":{"self":[{"href":"https:\/\/www.europesays.com\/se\/wp-json\/wp\/v2\/posts\/106068","targetHints":{"allow":["GET"]}}],"collection":[{"href":"https:\/\/www.europesays.com\/se\/wp-json\/wp\/v2\/posts"}],"about":[{"href":"https:\/\/www.europesays.com\/se\/wp-json\/wp\/v2\/types\/post"}],"author":[{"embeddable":true,"href":"https:\/\/www.europesays.com\/se\/wp-json\/wp\/v2\/users\/2"}],"replies":[{"embeddable":true,"href":"https:\/\/www.europesays.com\/se\/wp-json\/wp\/v2\/comments?post=106068"}],"version-history":[{"count":0,"href":"https:\/\/www.europesays.com\/se\/wp-json\/wp\/v2\/posts\/106068\/revisions"}],"wp:featuredmedia":[{"embeddable":true,"href":"https:\/\/www.europesays.com\/se\/wp-json\/wp\/v2\/media\/106069"}],"wp:attachment":[{"href":"https:\/\/www.europesays.com\/se\/wp-json\/wp\/v2\/media?parent=106068"}],"wp:term":[{"taxonomy":"category","embeddable":true,"href":"https:\/\/www.europesays.com\/se\/wp-json\/wp\/v2\/categories?post=106068"},{"taxonomy":"post_tag","embeddable":true,"href":"https:\/\/www.europesays.com\/se\/wp-json\/wp\/v2\/tags?post=106068"}],"curies":[{"name":"wp","href":"https:\/\/api.w.org\/{rel}","templated":true}]}}