{"id":106070,"date":"2025-12-14T23:18:08","date_gmt":"2025-12-14T23:18:08","guid":{"rendered":"https:\/\/www.europesays.com\/se\/106070\/"},"modified":"2025-12-14T23:18:08","modified_gmt":"2025-12-14T23:18:08","slug":"mot-oss-pa-automassan-2026","status":"publish","type":"post","link":"https:\/\/www.europesays.com\/se\/106070\/","title":{"rendered":"M\u00f6t oss p\u00e5 Autom\u00e4ssan 2026"},"content":{"rendered":"<p>Sponsrat inneh\u00e5ll<\/p>\n<p>Vi \u00e4r stolta \u00f6ver att meddela att Abileer f\u00f6r f\u00f6rsta g\u00e5ngen kommer att st\u00e4lla ut p\u00e5 Autom\u00e4ssan 2026 \u2013 v\u00e5rt f\u00f6rsta gemensamma m\u00e4ssdeltagande sedan sammanslagningen av CDS Produkter, HBA Fordonsteknik och Sternhammar. Tillsammans st\u00e5r vi nu starkare \u00e4n n\u00e5gonsin med ett bredare erbjudande och djupare kompetens f\u00f6r fordonsbranschens behov.<\/p>\n<p>Medlemsnyheter publicerade av Abileer AB\n                                <\/p>\n<p>den 15 december 2025 00:00\n                                <\/p>\n<p>M\u00e4ssan \u00e4ger rum 14\u201317 januari 2026 p\u00e5 Svenska M\u00e4ssan i G\u00f6teborg, och vi ser fram emot att tr\u00e4ffa kunder, partners och branschkollegor. I v\u00e5r monter presenterar vi produkter fr\u00e5n Refinity, Lazer och OZZ Lights, och v\u00e5rt team finns p\u00e5 plats varje dag f\u00f6r att svara p\u00e5 fr\u00e5gor och visa v\u00e5ra l\u00f6sningar.<\/p>\n<p>Du \u00e4r varmt v\u00e4lkommen att bes\u00f6ka oss \u2013 anm\u00e4l din medverkan via v\u00e5r inbjudningsl\u00e4nk f\u00f6r att s\u00e4kra din plats.<\/p>\n<p><a title=\"Biljett till Autom\u00e4ssan 2026\" href=\"https:\/\/automassan.se\/hem\/biljetter-och-oppettider\/\" target=\"_blank\" rel=\"nofollow noopener\">Registrera dig f\u00f6r fri entr\u00e9biljett &gt;&gt;<\/a><\/p>\n","protected":false},"excerpt":{"rendered":"Sponsrat inneh\u00e5ll Vi \u00e4r stolta \u00f6ver att meddela att Abileer f\u00f6r f\u00f6rsta g\u00e5ngen kommer att st\u00e4lla ut p\u00e5&hellip;\n","protected":false},"author":2,"featured_media":106071,"comment_status":"","ping_status":"","sticky":false,"template":"","format":"standard","meta":{"footnotes":""},"categories":[65],"tags":[72,70,71,34,31,33,32,30],"class_list":{"0":"post-106070","1":"post","2":"type-post","3":"status-publish","4":"format-standard","5":"has-post-thumbnail","7":"category-ekonomi","8":"tag-business","9":"tag-economy","10":"tag-ekonomi","11":"tag-se","12":"tag-svenska","13":"tag-sverige","14":"tag-sweden","15":"tag-swedish"},"share_on_mastodon":{"url":"https:\/\/pubeurope.com\/@se\/115720480775396121","error":""},"_links":{"self":[{"href":"https:\/\/www.europesays.com\/se\/wp-json\/wp\/v2\/posts\/106070","targetHints":{"allow":["GET"]}}],"collection":[{"href":"https:\/\/www.europesays.com\/se\/wp-json\/wp\/v2\/posts"}],"about":[{"href":"https:\/\/www.europesays.com\/se\/wp-json\/wp\/v2\/types\/post"}],"author":[{"embeddable":true,"href":"https:\/\/www.europesays.com\/se\/wp-json\/wp\/v2\/users\/2"}],"replies":[{"embeddable":true,"href":"https:\/\/www.europesays.com\/se\/wp-json\/wp\/v2\/comments?post=106070"}],"version-history":[{"count":0,"href":"https:\/\/www.europesays.com\/se\/wp-json\/wp\/v2\/posts\/106070\/revisions"}],"wp:featuredmedia":[{"embeddable":true,"href":"https:\/\/www.europesays.com\/se\/wp-json\/wp\/v2\/media\/106071"}],"wp:attachment":[{"href":"https:\/\/www.europesays.com\/se\/wp-json\/wp\/v2\/media?parent=106070"}],"wp:term":[{"taxonomy":"category","embeddable":true,"href":"https:\/\/www.europesays.com\/se\/wp-json\/wp\/v2\/categories?post=106070"},{"taxonomy":"post_tag","embeddable":true,"href":"https:\/\/www.europesays.com\/se\/wp-json\/wp\/v2\/tags?post=106070"}],"curies":[{"name":"wp","href":"https:\/\/api.w.org\/{rel}","templated":true}]}}