{"id":106074,"date":"2025-12-14T23:23:26","date_gmt":"2025-12-14T23:23:26","guid":{"rendered":"https:\/\/www.europesays.com\/se\/106074\/"},"modified":"2025-12-14T23:23:26","modified_gmt":"2025-12-14T23:23:26","slug":"einar-hedegarts-nya-attack-mot-william-poromaa-langdskidor","status":"publish","type":"post","link":"https:\/\/www.europesays.com\/se\/106074\/","title":{"rendered":"Einar Hedegarts nya attack mot William Poromaa | L\u00e4ngdskidor"},"content":{"rendered":"<p>Publicerad 14 dec 2025 kl 07.38Uppdaterad kl 07.45<\/p>\n<p>Einar Hedegart ler stort.<\/p>\n<p>Sen skickar han en ny passning till William Poromaa.<\/p>\n<p>\u2013 Det \u00e4r s\u00e5 l\u00e5ngt under elitidrott det han h\u00e5ller p\u00e5 med just nu, s\u00e4ger norrmannen.<\/p>\n<p><img loading=\"lazy\"   alt=\"\"\/><\/p>\n<p>Einar Hedegart g\u00e5r h\u00e5rt \u00e5t William Poromaa.<\/p>\n<p>Foto: MAXIM THORE \/ BILDBYR\u00c5N<\/p>\n<p>\u00d6ppna bild i helsk\u00e4rm<img loading=\"lazy\"   alt=\"\"\/><\/p>\n<p>William Poromaa.<\/p>\n<p>Foto: MAXIM THORE \/ BILDBYR\u00c5N<\/p>\n<p>\u00d6ppna bild i helsk\u00e4rmArtikeln i korthet<\/p>\n<p> Einar Hedegart tog sin f\u00f6rsta v\u00e4rldscupsseger och blev snabbt en snackis.<\/p>\n<p> Han riktar skarp kritik mot William Poromaa och kallar hans niv\u00e5 \u201dl\u00e5ngt under elitidrott\u201d.<\/p>\n<p> Hedegart hoppas p\u00e5 mer framg\u00e5ng inf\u00f6r OS.<\/p>\n<p>Visa mer<\/p>\n<p>Det \u00e4r en speciell k\u00e4nsla, konstaterar Einar Hedegart.<\/p>\n<p>\u2013 Man dr\u00f6mmer om det hela livet, och s\u00e5 pl\u00f6tsligt vinner man.<\/p>\n<p>F\u00f6rra helgen tog 24-\u00e5ringen karri\u00e4rens f\u00f6rsta v\u00e4rldscupsseger. P\u00e5 10 kilometer fristil i Trondheim kn\u00e4ckte han sina landsm\u00e4n och fick st\u00e4lla sig h\u00f6gst upp p\u00e5 pallen.<\/p>\n<p>Det var inte utan rubriker.<\/p>\n<p>Ut\u00f6ver att norrmannen tidigare t\u00e4vlat i skidskytte och konsekvent skickat giftpilar mot b\u00e5de sina norska konkurrenter och svenska skidskyttar blev han ocks\u00e5 <a href=\"https:\/\/www.expressen.se\/sport\/langdskidor\/just-nu-inkallad-till-juryn-efter-segern\/\" rel=\"nofollow noopener\" target=\"_blank\">inkallad till juryn<\/a>.<\/p>\n<p>\u2013 Det var v\u00e4ldigt mycket, men samtidigt var det som mest tryck i Beitost\u00f6len, s\u00e4ger han.<\/p>\n<p>Attacken mot Poromaa: \u201dH\u00f6r inte hemma h\u00e4r\u201d<\/p>\n<p>Hedegart tog hem den norska premi\u00e4ren i stor stil och blev en stor snackis i Norge.<\/p>\n<p>\u2013 S\u00e5 det var faktiskt inte s\u00e5 illa i Trondheim. Jag har blivit lite van.<\/p>\n<p><strong>Men har du f\u00e5tt h\u00f6ra n\u00e5got fr\u00e5n Sverige?<\/strong><\/p>\n<p>\u2013 Ingenting, s\u00e4ger han och riktar sig i n\u00e4sta andetag mot en svensk VM-silvermedalj\u00f6r.<\/p>\n<p>\u2013 Poromaa \u00e4r ju alltid ett tema. Han menar ju att skidskytte inte \u00e4r en elitidrott, men han h\u00f6r ju hemma i breddidrotten. Det \u00e4r s\u00e5 l\u00e5ngt ifr\u00e5n elitidrott det han h\u00e5ller p\u00e5 med just nu.<\/p>\n<p>Det finns inte s\u00e5 mycket att diskutera, menar Einar Hedegart.<\/p>\n<p>\u2013 Men jag f\u00f6rv\u00e4ntar mig att han blir lite b\u00e4ttre och har n\u00e5got att g\u00f6ra i eliten.<\/p>\n<p>Han forts\u00e4tter prata om svenska skidskytten Martin Ponsiluoma i st\u00e4llet.<\/p>\n<p>\u2013\u00a0Jag vill verkligen att Ponsiluoma ska testa k\u00f6ra 10 kilometer f\u00f6r jag tror han skulle kunna g\u00f6ra det j\u00e4ttebra. Men han \u00e4r inte intresserad, han \u00e4r en anonym man.<\/p>\n<p>Uppmaningen till Ponsiluoma<\/p>\n<p>Sebastian Samuelsson hade ocks\u00e5 gjort bra ifr\u00e5n sig utan gev\u00e4ret p\u00e5 ryggen, s\u00e4ger Hedegart.\u00a0<\/p>\n<p>\u2013 Men \u201dSebbe\u201d g\u00f6r det ju bra i skidskytte. G\u00f6r man det bra p\u00e5 vallen ska man forts\u00e4tta med det, men Ponsiluoma \u00e4r lite mer i min kategori: skidskyttar som inte tr\u00e4ffar, s\u00e4ger han och skrattar.<\/p>\n<p>\u2013 D\u00e5 \u00e4r det kanske bra att g\u00e5 \u00f6ver till l\u00e4ngd.<\/p>\n<p>Norrmannen har siktet inst\u00e4llt p\u00e5 OS i februari.<\/p>\n<p>\u2013 Mycket vill ha mer, det gav mersmak.<\/p>\n<p>Under s\u00f6ndagen v\u00e4ntar 10 kilometer fristil i Davos.<\/p>\n<p>\u2013 Jag k\u00e4nner mig i v\u00e4ldigt bra form. I Trondheim hade jag inte min b\u00e4sta dag, s\u00e5 jag k\u00e4nner att jag har mer att ge.<\/p>\n<p>William Poromaa har valt att st\u00e5 \u00f6ver t\u00e4vlingarna i Davos.<\/p>\n","protected":false},"excerpt":{"rendered":"Publicerad 14 dec 2025 kl 07.38Uppdaterad kl 07.45 Einar Hedegart ler stort. Sen skickar han en ny passning&hellip;\n","protected":false},"author":2,"featured_media":106075,"comment_status":"","ping_status":"","sticky":false,"template":"","format":"standard","meta":{"footnotes":""},"categories":[68],"tags":[34,857,111,110,31,33,32,30],"class_list":{"0":"post-106074","1":"post","2":"type-post","3":"status-publish","4":"format-standard","5":"has-post-thumbnail","7":"category-sport","8":"tag-se","9":"tag-sections-langdskidor","10":"tag-sport","11":"tag-sports","12":"tag-svenska","13":"tag-sverige","14":"tag-sweden","15":"tag-swedish"},"share_on_mastodon":{"url":"https:\/\/pubeurope.com\/@se\/115720500283994107","error":""},"_links":{"self":[{"href":"https:\/\/www.europesays.com\/se\/wp-json\/wp\/v2\/posts\/106074","targetHints":{"allow":["GET"]}}],"collection":[{"href":"https:\/\/www.europesays.com\/se\/wp-json\/wp\/v2\/posts"}],"about":[{"href":"https:\/\/www.europesays.com\/se\/wp-json\/wp\/v2\/types\/post"}],"author":[{"embeddable":true,"href":"https:\/\/www.europesays.com\/se\/wp-json\/wp\/v2\/users\/2"}],"replies":[{"embeddable":true,"href":"https:\/\/www.europesays.com\/se\/wp-json\/wp\/v2\/comments?post=106074"}],"version-history":[{"count":0,"href":"https:\/\/www.europesays.com\/se\/wp-json\/wp\/v2\/posts\/106074\/revisions"}],"wp:featuredmedia":[{"embeddable":true,"href":"https:\/\/www.europesays.com\/se\/wp-json\/wp\/v2\/media\/106075"}],"wp:attachment":[{"href":"https:\/\/www.europesays.com\/se\/wp-json\/wp\/v2\/media?parent=106074"}],"wp:term":[{"taxonomy":"category","embeddable":true,"href":"https:\/\/www.europesays.com\/se\/wp-json\/wp\/v2\/categories?post=106074"},{"taxonomy":"post_tag","embeddable":true,"href":"https:\/\/www.europesays.com\/se\/wp-json\/wp\/v2\/tags?post=106074"}],"curies":[{"name":"wp","href":"https:\/\/api.w.org\/{rel}","templated":true}]}}