{"id":106078,"date":"2025-12-14T23:31:28","date_gmt":"2025-12-14T23:31:28","guid":{"rendered":"https:\/\/www.europesays.com\/se\/106078\/"},"modified":"2025-12-14T23:31:28","modified_gmt":"2025-12-14T23:31:28","slug":"lucas-sibelius-ansluter-till-vsk","status":"publish","type":"post","link":"https:\/\/www.europesays.com\/se\/106078\/","title":{"rendered":"Lucas Sibelius ansluter till VSK"},"content":{"rendered":"\n<p><strong>V\u00e4ster\u00e5s SK presenterar herrlagets f\u00f6rsta nyf\u00f6rv\u00e4rv inf\u00f6r kommande s\u00e4song. Den 23-\u00e5rige mittf\u00e4ltaren Lucas Sibelius ansluter till klubben fr\u00e5n Falkenbergs FF.<\/strong><\/p>\n<p>Lucas Sibelius kommer till VSK efter en stark s\u00e4song i Superettan d\u00e4r han var en av Falkenbergs viktigaste spelare. Under \u00e5rets serie spelade han 29 av 30 matcher fr\u00e5n start och stod f\u00f6r imponerande 5 m\u00e5l och 9 assist fr\u00e5n sin mittf\u00e4ltsposition.<\/p>\n<p>Mittf\u00e4ltaren \u00e4r fostrad i Falkenbergs FF och har representerat klubben under hela sin seniorkarri\u00e4r. Sibelius skrev sitt f\u00f6rsta l\u00e4rlingskontrakt med Falkenberg 2021 och har sedan dess varit klubben trogen, d\u00e4r han successivt vuxit in i en ledande roll i laget.<\/p>\n<p>Lucas Sibelius om tankarna kring VSK n\u00e4r intresset d\u00f6k upp: <\/p>\n<p>\u2013 Jag har helat tiden tyckt att VSK \u00e4r en av de b\u00e4ttre klubbarna. Jag sa det r\u00e4tt tidigt att de vinner nog serien. Det var ett l\u00e4tt beslut.<\/p>\n<p>Mikael Lustig, tillf\u00f6rordnad sportchef i VSK::<\/p>\n<p>\u2013 Lucas \u00e4r en teknisk skicklig offensiv spelare, med en bra h\u00f6gerfot som kan avg\u00f6ra matcher. Klubben har f\u00f6ljt hans framfart noga under det senaste \u00e5ret d\u00e4r han etablerat sig i elitfotbollen. Lucas f\u00f6rm\u00e5ga att driva sin egen utveckling tror vi passar v\u00e4l in i v\u00e5r milj\u00f6 och vi ser fram emot hans fortsatta framfart i den gr\u00f6nvita tr\u00f6jan.<\/p>\n<p>V\u00e4lkommen till Gr\u00f6nvitt, Lucas! <\/p>\n","protected":false},"excerpt":{"rendered":"V\u00e4ster\u00e5s SK presenterar herrlagets f\u00f6rsta nyf\u00f6rv\u00e4rv inf\u00f6r kommande s\u00e4song. Den 23-\u00e5rige mittf\u00e4ltaren Lucas Sibelius ansluter till klubben fr\u00e5n&hellip;\n","protected":false},"author":2,"featured_media":106079,"comment_status":"","ping_status":"","sticky":false,"template":"","format":"standard","meta":{"footnotes":""},"categories":[68],"tags":[34,111,110,31,33,32,30],"class_list":{"0":"post-106078","1":"post","2":"type-post","3":"status-publish","4":"format-standard","5":"has-post-thumbnail","7":"category-sport","8":"tag-se","9":"tag-sport","10":"tag-sports","11":"tag-svenska","12":"tag-sverige","13":"tag-sweden","14":"tag-swedish"},"share_on_mastodon":{"url":"https:\/\/pubeurope.com\/@se\/115720531663699135","error":""},"_links":{"self":[{"href":"https:\/\/www.europesays.com\/se\/wp-json\/wp\/v2\/posts\/106078","targetHints":{"allow":["GET"]}}],"collection":[{"href":"https:\/\/www.europesays.com\/se\/wp-json\/wp\/v2\/posts"}],"about":[{"href":"https:\/\/www.europesays.com\/se\/wp-json\/wp\/v2\/types\/post"}],"author":[{"embeddable":true,"href":"https:\/\/www.europesays.com\/se\/wp-json\/wp\/v2\/users\/2"}],"replies":[{"embeddable":true,"href":"https:\/\/www.europesays.com\/se\/wp-json\/wp\/v2\/comments?post=106078"}],"version-history":[{"count":0,"href":"https:\/\/www.europesays.com\/se\/wp-json\/wp\/v2\/posts\/106078\/revisions"}],"wp:featuredmedia":[{"embeddable":true,"href":"https:\/\/www.europesays.com\/se\/wp-json\/wp\/v2\/media\/106079"}],"wp:attachment":[{"href":"https:\/\/www.europesays.com\/se\/wp-json\/wp\/v2\/media?parent=106078"}],"wp:term":[{"taxonomy":"category","embeddable":true,"href":"https:\/\/www.europesays.com\/se\/wp-json\/wp\/v2\/categories?post=106078"},{"taxonomy":"post_tag","embeddable":true,"href":"https:\/\/www.europesays.com\/se\/wp-json\/wp\/v2\/tags?post=106078"}],"curies":[{"name":"wp","href":"https:\/\/api.w.org\/{rel}","templated":true}]}}