{"id":106080,"date":"2025-12-14T23:34:10","date_gmt":"2025-12-14T23:34:10","guid":{"rendered":"https:\/\/www.europesays.com\/se\/106080\/"},"modified":"2025-12-14T23:34:10","modified_gmt":"2025-12-14T23:34:10","slug":"industriarbetsgivarna-ingen-ljusning-i-sikte-for-basindustrin-2","status":"publish","type":"post","link":"https:\/\/www.europesays.com\/se\/106080\/","title":{"rendered":"Industriarbetsgivarna: Ingen ljusning i sikte f\u00f6r basindustrin"},"content":{"rendered":"<p>\t\t\t\t\t<a href=\"https:\/\/www.tn.se\/den-svenska-konjunkturen\/\" rel=\"nofollow noopener\" target=\"_blank\"><br \/>\n\t\t\t\tDEN SVENSKA KONJUNKTUREN<br \/>\n\t\t\t<\/a><\/p>\n<p>\t\t\t\t<img decoding=\"async\" class=\"figure-img img-fluid\"  src=\"https:\/\/www.europesays.com\/se\/wp-content\/uploads\/2025\/12\/1765755250_396_bilder.tn.se\" alt=\"\" itemprop=\"image\"\/><\/p>\n<p>\t\t\t\t\t\t\t\t\t\t\t\t\tBild:<br \/>\n\t\t\t\t\tAnders Wiklund\/TT<\/p>\n<p class=\"ew-preamble\" itemprop=\"description\">L\u00e5gkonjunkturen h\u00e5ller i sig och n\u00e5gon tydlig v\u00e4ndning syns \u00e4nnu inte inom svensk basindustri, s\u00e4ger Industriarbetsgivarnas vd Per Hidesten i Ekots L\u00f6rdagsintervju.<\/p>\n<p>\n\t\tPublicerad:<br \/>\n\t\t14 dec 2025, 18:00\n\t<\/p>\n<p>\n\t\t\tUppdaterad:<br \/>\n\t\t\t14 dec 2025, 19:42\n\t\t<\/p>\n<p class=\"ew-body\">Samtidigt som BNP \u00f6kade under tredje kvartalet och flera akt\u00f6rer, d\u00e4ribland regeringen, banker och LO, talar om ljusare konjunkturutsikter, g\u00f6r Industriarbetsgivarna en mer f\u00f6rsiktig bed\u00f6mning.<\/p>\n<p class=\"ew-body\">\u201dOm man ser ljusglimtar i den svenska ekonomin \u00e4r det en annan sak \u00e4n den milj\u00f6 v\u00e5ra f\u00f6retag lever i\u201d, s\u00e4ger Per Hidesten i Ekots L\u00f6rdagsintervju.<\/p>\n<p class=\"ew-body\">Inom basindustrin pekar det dock \u00e5t olika h\u00e5ll. J\u00e4rn och st\u00e5lindustrin g\u00e5r bra, medan skogs och massaindustrin k\u00e4mpar med h\u00f6ga kostnader och l\u00e4gre efterfr\u00e5gan.<\/p>\n<p class=\"ew-body\">\u2013 Vi har f\u00f6rh\u00e5llandevis mycket varsel i v\u00e5ra industrier vilket \u00e4r ett tecken p\u00e5 tuffa \u00e5r, s\u00e4ger Per Hidesten.<\/p>\n<p class=\"ew-body\"><a href=\"https:\/\/www.sverigesradio.se\/artikel\/industriarbetsgivarna-ingen-vandning-for-svensk-basindustri\" id=\"link-bd40c8426f69d955e4f6685d78d10891\" target=\"_blank\" rel=\"nofollow noopener\">Ekot: Fortsatt tufft f\u00f6r basindustrin: \u201dInga ljusglimtar\u201d<\/a><\/p>\n<p>\n\t\tPublicerad:<br \/>\n\t\t14 dec 2025, 18:00\n\t<\/p>\n<p>\n\t\t\tUppdaterad:<br \/>\n\t\t\t14 dec 2025, 19:42\n\t\t<\/p>\n","protected":false},"excerpt":{"rendered":"DEN SVENSKA KONJUNKTUREN Bild: Anders Wiklund\/TT L\u00e5gkonjunkturen h\u00e5ller i sig och n\u00e5gon tydlig v\u00e4ndning syns \u00e4nnu inte inom&hellip;\n","protected":false},"author":2,"featured_media":105825,"comment_status":"","ping_status":"","sticky":false,"template":"","format":"standard","meta":{"footnotes":""},"categories":[65],"tags":[72,70,71,34,31,33,32,30],"class_list":{"0":"post-106080","1":"post","2":"type-post","3":"status-publish","4":"format-standard","5":"has-post-thumbnail","7":"category-ekonomi","8":"tag-business","9":"tag-economy","10":"tag-ekonomi","11":"tag-se","12":"tag-svenska","13":"tag-sverige","14":"tag-sweden","15":"tag-swedish"},"share_on_mastodon":{"url":"https:\/\/pubeurope.com\/@se\/115720543769663598","error":""},"_links":{"self":[{"href":"https:\/\/www.europesays.com\/se\/wp-json\/wp\/v2\/posts\/106080","targetHints":{"allow":["GET"]}}],"collection":[{"href":"https:\/\/www.europesays.com\/se\/wp-json\/wp\/v2\/posts"}],"about":[{"href":"https:\/\/www.europesays.com\/se\/wp-json\/wp\/v2\/types\/post"}],"author":[{"embeddable":true,"href":"https:\/\/www.europesays.com\/se\/wp-json\/wp\/v2\/users\/2"}],"replies":[{"embeddable":true,"href":"https:\/\/www.europesays.com\/se\/wp-json\/wp\/v2\/comments?post=106080"}],"version-history":[{"count":0,"href":"https:\/\/www.europesays.com\/se\/wp-json\/wp\/v2\/posts\/106080\/revisions"}],"wp:featuredmedia":[{"embeddable":true,"href":"https:\/\/www.europesays.com\/se\/wp-json\/wp\/v2\/media\/105825"}],"wp:attachment":[{"href":"https:\/\/www.europesays.com\/se\/wp-json\/wp\/v2\/media?parent=106080"}],"wp:term":[{"taxonomy":"category","embeddable":true,"href":"https:\/\/www.europesays.com\/se\/wp-json\/wp\/v2\/categories?post=106080"},{"taxonomy":"post_tag","embeddable":true,"href":"https:\/\/www.europesays.com\/se\/wp-json\/wp\/v2\/tags?post=106080"}],"curies":[{"name":"wp","href":"https:\/\/api.w.org\/{rel}","templated":true}]}}