{"id":106086,"date":"2025-12-15T00:05:08","date_gmt":"2025-12-15T00:05:08","guid":{"rendered":"https:\/\/www.europesays.com\/se\/106086\/"},"modified":"2025-12-15T00:05:08","modified_gmt":"2025-12-15T00:05:08","slug":"pappan-och-sonen-misstanks-for-attacken-mot-judiska-firandet","status":"publish","type":"post","link":"https:\/\/www.europesays.com\/se\/106086\/","title":{"rendered":"Pappan och sonen misst\u00e4nks f\u00f6r attacken mot judiska firandet"},"content":{"rendered":"<p>Minst 16 personer d\u00f6dades i masskjutningen vid Bondi Beach i Sydney.<\/p>\n<p>H\u00e4ndelsen utreds som ett terrord\u00e5d riktat mot firandet av den judiska h\u00f6gtiden chanukka, som p\u00e5gick vid en park intill stranden.<\/p>\n<p>Polisen har bekr\u00e4ftat att skyttarna \u00e4r far och son. Sonen, en 24-\u00e5ring, skadades av polisens kulor. Pappan, 50 \u00e5r, sk\u00f6ts till d\u00f6ds. <\/p>\n<p>Polisen ville under m\u00e5ndagsmorgonen lokal tid inte g\u00e5 in mer uppgifter om ideologi eller motiv, skriver ABC News.<\/p>\n<p>Licens f\u00f6r sex vapen<\/p>\n<p>Myndigheter har uppgett att en av m\u00e4nnen varit k\u00e4nd av myndigheter, men inte bed\u00f6mdes som ett hot.<\/p>\n<p>Pappan hade licens f\u00f6r sex vapen, d\u00e4r flera ska ha anv\u00e4nts vid d\u00e5det, enligt polisen. Familjen bodde i Sydneyf\u00f6rorten Bonnyrigg, d\u00e4r polisen gjort tekniska unders\u00f6kningar efter masskjutningen.<\/p>\n<p>\u2013 Vi trodde att de var normala m\u00e4nniskor, s\u00e4ger en granne till Reuters.<\/p>\n<p>Polisen har ocks\u00e5 varit p\u00e5 en adress i f\u00f6rorten Campsie.<\/p>\n<p>Sa att de skulle fiska<\/p>\n<p>Pappan och sonen har namngivits av australiska medier, men myndigheter har inte bekr\u00e4ftat deras identiteter.<\/p>\n<p>En anh\u00f6rig till den utpekade familjen s\u00e4ger till Sydney Morning Herald att de tv\u00e5 hade sagt att de skulle p\u00e5 en fiskeresa.<\/p>\n<p>P\u00e5 s\u00f6ndagen, f\u00f6re d\u00e5det, pratade personen med 24-\u00e5ringen. Han sa d\u00e5 att han hade varit och badat och att de snart skulle \u00e4ta. Sedan skulle de stanna inne resten av dagen eftersom det var s\u00e5 varmt.<\/p>\n<p>Den anh\u00f6riga s\u00e4ger att 24-\u00e5ringen levde ett sk\u00f6tsamt liv och var murare, men f\u00f6r tillf\u00e4llet arbetsl\u00f6s. Pappan \u00e4gde en fruktaff\u00e4r, skriver tidningen.<\/p>\n","protected":false},"excerpt":{"rendered":"Minst 16 personer d\u00f6dades i masskjutningen vid Bondi Beach i Sydney. H\u00e4ndelsen utreds som ett terrord\u00e5d riktat mot&hellip;\n","protected":false},"author":2,"featured_media":106087,"comment_status":"","ping_status":"","sticky":false,"template":"","format":"standard","meta":{"footnotes":""},"categories":[5],"tags":[22,23,26,27,17,21,24,25,28,29,15,16,18,34,31,33,32,30,19,20],"class_list":{"0":"post-106086","1":"post","2":"type-post","3":"status-publish","4":"format-standard","5":"has-post-thumbnail","7":"category-rubriker","8":"tag-breaking-news","9":"tag-breakingnews","10":"tag-featured-news","11":"tag-featurednews","12":"tag-headlines","13":"tag-huvudnyheter","14":"tag-latest-news","15":"tag-latestnews","16":"tag-main-news","17":"tag-mainnews","18":"tag-news","19":"tag-nyheter","20":"tag-rubriker","21":"tag-se","22":"tag-svenska","23":"tag-sverige","24":"tag-sweden","25":"tag-swedish","26":"tag-top-stories","27":"tag-topstories"},"share_on_mastodon":{"url":"https:\/\/pubeurope.com\/@se\/115720665381297365","error":""},"_links":{"self":[{"href":"https:\/\/www.europesays.com\/se\/wp-json\/wp\/v2\/posts\/106086","targetHints":{"allow":["GET"]}}],"collection":[{"href":"https:\/\/www.europesays.com\/se\/wp-json\/wp\/v2\/posts"}],"about":[{"href":"https:\/\/www.europesays.com\/se\/wp-json\/wp\/v2\/types\/post"}],"author":[{"embeddable":true,"href":"https:\/\/www.europesays.com\/se\/wp-json\/wp\/v2\/users\/2"}],"replies":[{"embeddable":true,"href":"https:\/\/www.europesays.com\/se\/wp-json\/wp\/v2\/comments?post=106086"}],"version-history":[{"count":0,"href":"https:\/\/www.europesays.com\/se\/wp-json\/wp\/v2\/posts\/106086\/revisions"}],"wp:featuredmedia":[{"embeddable":true,"href":"https:\/\/www.europesays.com\/se\/wp-json\/wp\/v2\/media\/106087"}],"wp:attachment":[{"href":"https:\/\/www.europesays.com\/se\/wp-json\/wp\/v2\/media?parent=106086"}],"wp:term":[{"taxonomy":"category","embeddable":true,"href":"https:\/\/www.europesays.com\/se\/wp-json\/wp\/v2\/categories?post=106086"},{"taxonomy":"post_tag","embeddable":true,"href":"https:\/\/www.europesays.com\/se\/wp-json\/wp\/v2\/tags?post=106086"}],"curies":[{"name":"wp","href":"https:\/\/api.w.org\/{rel}","templated":true}]}}