{"id":106088,"date":"2025-12-15T00:37:43","date_gmt":"2025-12-15T00:37:43","guid":{"rendered":"https:\/\/www.europesays.com\/se\/106088\/"},"modified":"2025-12-15T00:37:43","modified_gmt":"2025-12-15T00:37:43","slug":"en-person-gripen-efter-nattens-bombdad-telgenytt","status":"publish","type":"post","link":"https:\/\/www.europesays.com\/se\/106088\/","title":{"rendered":"En person gripen efter nattens bombd\u00e5d \u2013 Telgenytt"},"content":{"rendered":"<p>Efter den kraftiga explosionen som skakade Glasberga natten mot l\u00f6rdag har polisen nu gripit en misst\u00e4nkt person.<\/p>\n<p>Strax efter midnatt, klockan 00.26 natten mot l\u00f6rdag, larmades polis, r\u00e4ddningstj\u00e4nst och ambulans till Glasberga efter uppgifter om en kraftig explosion. Sm\u00e4llen ska enligt uppgifter h\u00f6rts fr\u00e5n stora delar runt av det drabbade omr\u00e5det.<\/p>\n<p>P\u00e5 platsen kunde r\u00e4ddningstj\u00e4nsten konstatera glassplitter p\u00e5 marken samt skador p\u00e5 b\u00e5de en bil och en intilliggande fasad. Under natten var det dock oklart exakt vilken byggnad som varit m\u00e5ltavla f\u00f6r explosionen, d\u00e5 inga tydliga strukturella skador kunnat kopplas till en specifik fastighet.<\/p>\n<p><img decoding=\"async\" src=\"https:\/\/www.europesays.com\/se\/wp-content\/uploads\/2025\/12\/IMG_5868.jpeg\" class=\"kg-image\" alt=\"\" loading=\"lazy\" width=\"1620\" height=\"1080\"  \/><b><strong class=\"italic\" style=\"white-space: pre-wrap;\">Polisens bombtekniker p\u00e5 plats. <\/strong><\/b>Foto: TN <\/p>\n<p>Polisen sp\u00e4rrade tidigt av omr\u00e5det f\u00f6r en teknisk unders\u00f6kning och inledde samtidigt en s\u00f6kinsats efter g\u00e4rningsperson eller g\u00e4rningspersoner. Vittnesuppgifter spelade tidigt en viktig roll i arbetet \u2013 flera personer uppgav att de sett en person springa fr\u00e5n platsen i direkt anslutning till h\u00e4ndelsen.<\/p>\n<p>Vid 07.30-tiden p\u00e5 l\u00f6rdagsmorgonen meddelade polisen att en person gripits under natten. F\u00f6rh\u00f6r p\u00e5g\u00e5r med den gripne samtidigt som polisen forts\u00e4tter att analysera teknisk bevisning, knacka d\u00f6rr i omr\u00e5det och arbeta vidare med att kartl\u00e4gga m\u00f6jliga motivbilder.<\/p>\n<p>&#8221;En person har under natten\/morgonen gripits som misst\u00e4nkt f\u00f6r brottet.\u00a0En f\u00f6runders\u00f6kning \u00e4r inledd g\u00e4llande allm\u00e4nfarlig \u00f6del\u00e4ggelse.&#8221;, skriver polisen p\u00e5 sin hemsida.<\/p>\n<p>Utredningen \u00e4r i ett tidigt skede och polisen utesluter inte fler \u00e5tg\u00e4rder fram\u00f6ver.<\/p>\n<p>L\u00e4s \u00e4ven:<strong> <\/strong><a href=\"https:\/\/telgenytt.se\/just-nu-explosion-i-glasberga\/\" rel=\"noreferrer nofollow noopener\" target=\"_blank\"><strong>BILDEXTRA: Explosion i Glasberga<\/strong><\/a><\/p>\n","protected":false},"excerpt":{"rendered":"Efter den kraftiga explosionen som skakade Glasberga natten mot l\u00f6rdag har polisen nu gripit en misst\u00e4nkt person. Strax&hellip;\n","protected":false},"author":2,"featured_media":106089,"comment_status":"","ping_status":"","sticky":false,"template":"","format":"standard","meta":{"footnotes":""},"categories":[12],"tags":[22,23,26,27,17,21,24,25,28,29,15,16,18,34,31,33,32,30,19,20],"class_list":{"0":"post-106088","1":"post","2":"type-post","3":"status-publish","4":"format-standard","5":"has-post-thumbnail","7":"category-sverige","8":"tag-breaking-news","9":"tag-breakingnews","10":"tag-featured-news","11":"tag-featurednews","12":"tag-headlines","13":"tag-huvudnyheter","14":"tag-latest-news","15":"tag-latestnews","16":"tag-main-news","17":"tag-mainnews","18":"tag-news","19":"tag-nyheter","20":"tag-rubriker","21":"tag-se","22":"tag-svenska","23":"tag-sverige","24":"tag-sweden","25":"tag-swedish","26":"tag-top-stories","27":"tag-topstories"},"share_on_mastodon":{"url":"https:\/\/pubeurope.com\/@se\/115720791475773317","error":""},"_links":{"self":[{"href":"https:\/\/www.europesays.com\/se\/wp-json\/wp\/v2\/posts\/106088","targetHints":{"allow":["GET"]}}],"collection":[{"href":"https:\/\/www.europesays.com\/se\/wp-json\/wp\/v2\/posts"}],"about":[{"href":"https:\/\/www.europesays.com\/se\/wp-json\/wp\/v2\/types\/post"}],"author":[{"embeddable":true,"href":"https:\/\/www.europesays.com\/se\/wp-json\/wp\/v2\/users\/2"}],"replies":[{"embeddable":true,"href":"https:\/\/www.europesays.com\/se\/wp-json\/wp\/v2\/comments?post=106088"}],"version-history":[{"count":0,"href":"https:\/\/www.europesays.com\/se\/wp-json\/wp\/v2\/posts\/106088\/revisions"}],"wp:featuredmedia":[{"embeddable":true,"href":"https:\/\/www.europesays.com\/se\/wp-json\/wp\/v2\/media\/106089"}],"wp:attachment":[{"href":"https:\/\/www.europesays.com\/se\/wp-json\/wp\/v2\/media?parent=106088"}],"wp:term":[{"taxonomy":"category","embeddable":true,"href":"https:\/\/www.europesays.com\/se\/wp-json\/wp\/v2\/categories?post=106088"},{"taxonomy":"post_tag","embeddable":true,"href":"https:\/\/www.europesays.com\/se\/wp-json\/wp\/v2\/tags?post=106088"}],"curies":[{"name":"wp","href":"https:\/\/api.w.org\/{rel}","templated":true}]}}