{"id":106090,"date":"2025-12-15T00:38:09","date_gmt":"2025-12-15T00:38:09","guid":{"rendered":"https:\/\/www.europesays.com\/se\/106090\/"},"modified":"2025-12-15T00:38:09","modified_gmt":"2025-12-15T00:38:09","slug":"m-toppen-jamfor-folkhalsomyndighetens-ljudregler-med-fiskmasar-sn-sodermanlands-nyheter","status":"publish","type":"post","link":"https:\/\/www.europesays.com\/se\/106090\/","title":{"rendered":"M-toppen j\u00e4mf\u00f6r Folkh\u00e4lsomyndighetens ljudregler med fiskm\u00e5sar &#8211; SN, S\u00f6dermanlands Nyheter"},"content":{"rendered":"<ol>\n<li><a href=\"https:\/\/news.google.com\/rss\/articles\/CBMiogFBVV95cUxOc29DNzFmM1VOb0FMZVB3U2ltVlhQM2pNekZjTGV2cHBqRVVVSF9pTHVObWprWG9wM2I1aVM2MW9OczdEbUtGclF3blJXQUEwUVhZRDFCSkJTMTBEVnhYNWJZcWNRLUtHOHVKNVV0OFc3a05oai16NWZqTEVWY1ZsRmczQlpGdjNweXh2MTR6UFNwTGI3alB0RENyYkc2REtHdlE?oc=5\" target=\"_blank\" rel=\"nofollow noopener\">M-toppen j\u00e4mf\u00f6r Folkh\u00e4lsomyndighetens ljudregler med fiskm\u00e5sar<\/a>&nbsp;&nbsp;SN, S\u00f6dermanlands Nyheter<\/li>\n<li><a href=\"https:\/\/news.google.com\/rss\/articles\/CBMirwFBVV95cUxQWjcxQlNROHAxNVd4aGpMZkdCNzdBNm5rRGpHR0NXN2IzYnNac2d6YVd2MW83ZHgxSkdCZUtVdC1lLUhqbHhZUW1tTk1nd1IxMUZqWmVBMkJUeWxZWVpKTXZXWHpzaFhjaXhVNXQyODRSQVdNaHptbGRhMm9tVENkdTRmUHBramJsOWN1YlVXeFlXWkZhcklSTmE2aXdEVkhsOWZTbXBNcEs0UTRCc0ZN?oc=5\" target=\"_blank\" rel=\"nofollow noopener\">St\u00f6d till Tovastugan efter ljudbr\u00e5ket: &#8221;M\u00e5ste f\u00e5 finnas kvar&#8221;<\/a>&nbsp;&nbsp;SN, S\u00f6dermanlands Nyheter<\/li>\n<li><a href=\"https:\/\/news.google.com\/rss\/articles\/CBMitAFBVV95cUxQQ0JCSDZiWEhRTE1XMUVFUTRvRTV1SEN6aHBpSmQzdDlxclREclZZTHZLVUhaSlpWUUxxZ1h2V0NEQ18yRFk2NEota3pHLVlCNEpZNVFwb1JPd0l6REpGY1VKemlrY3Q2bDBMT2liUXhWOTdzakhfR2FPTS10TS1EZTJYVFNzRVd6RXp6cXBIQ3dHdG50cTIySHhnOE56YlJORllPeVZKYjJ5OEJwNlU3X29nelY?oc=5\" target=\"_blank\" rel=\"nofollow noopener\">Restaurang kan f\u00e5 vite f\u00f6r h\u00f6gt ljud \u2013 FHM: D\u00e4rf\u00f6r kan musik vara st\u00f6rande<\/a>&nbsp;&nbsp;SVT Nyheter<\/li>\n<li><a href=\"https:\/\/news.google.com\/rss\/articles\/CBMikAFBVV95cUxNWUx5UHZfaHBzV0pxNmgyeWhMal8tYjE5YVc0MDh5TWYtUXFQTjJtbGNnUjV1NmxkbmxWNGR5QjJsVUVmaHl3T1U0eTQ5YWZYcFZ4cEVOSTFrQWFtZDhHTDNjb1lkLXhNb29SQTd1X2lTMWxsNFhDZWhmY0xPYzBzTVUzdUlNRGpVcHFNYjd1Z3c?oc=5\" target=\"_blank\" rel=\"nofollow noopener\">Kommunalr\u00e5det p\u00e5 Tovastugans sida \u2013 vill \u00e4ndra lagen<\/a>&nbsp;&nbsp;Sveriges Radio<\/li>\n<li><a href=\"https:\/\/news.google.com\/rss\/articles\/CBMikgFBVV95cUxPSmV4ZWdiV2ZtbF9XNU1SXzVfLWFOck9GMkh6ajZWQlQxTVVvb1l3QVcwaU5oYXJJRk9qSkk0RTlmb1d1S3g2c3ZhcXdpaDdEX3RUN2JadWlWOWpwSmxTbVRJVWU2MTZaSDJXM2xPLWhuWm8xOUd6amp1MkdHSVZLSUk0Qmg2dU5JNUtSTFFkLU8tdw?oc=5\" target=\"_blank\" rel=\"nofollow noopener\">Lucia p\u00e5 Tovastugan \u2013 efter ljudbr\u00e5ket<\/a>&nbsp;&nbsp;SN, S\u00f6dermanlands Nyheter<\/li>\n<\/ol>\n","protected":false},"excerpt":{"rendered":"M-toppen j\u00e4mf\u00f6r Folkh\u00e4lsomyndighetens ljudregler med fiskm\u00e5sar&nbsp;&nbsp;SN, S\u00f6dermanlands Nyheter St\u00f6d till Tovastugan efter ljudbr\u00e5ket: &#8221;M\u00e5ste f\u00e5 finnas kvar&#8221;&nbsp;&nbsp;SN, S\u00f6dermanlands&hellip;\n","protected":false},"author":2,"featured_media":106091,"comment_status":"","ping_status":"","sticky":false,"template":"","format":"standard","meta":{"footnotes":""},"categories":[5],"tags":[22,23,26,27,17,21,24,25,28,29,15,16,18,34,31,33,32,30,19,20],"class_list":{"0":"post-106090","1":"post","2":"type-post","3":"status-publish","4":"format-standard","5":"has-post-thumbnail","7":"category-rubriker","8":"tag-breaking-news","9":"tag-breakingnews","10":"tag-featured-news","11":"tag-featurednews","12":"tag-headlines","13":"tag-huvudnyheter","14":"tag-latest-news","15":"tag-latestnews","16":"tag-main-news","17":"tag-mainnews","18":"tag-news","19":"tag-nyheter","20":"tag-rubriker","21":"tag-se","22":"tag-svenska","23":"tag-sverige","24":"tag-sweden","25":"tag-swedish","26":"tag-top-stories","27":"tag-topstories"},"share_on_mastodon":{"url":"https:\/\/pubeurope.com\/@se\/115720795116681348","error":""},"_links":{"self":[{"href":"https:\/\/www.europesays.com\/se\/wp-json\/wp\/v2\/posts\/106090","targetHints":{"allow":["GET"]}}],"collection":[{"href":"https:\/\/www.europesays.com\/se\/wp-json\/wp\/v2\/posts"}],"about":[{"href":"https:\/\/www.europesays.com\/se\/wp-json\/wp\/v2\/types\/post"}],"author":[{"embeddable":true,"href":"https:\/\/www.europesays.com\/se\/wp-json\/wp\/v2\/users\/2"}],"replies":[{"embeddable":true,"href":"https:\/\/www.europesays.com\/se\/wp-json\/wp\/v2\/comments?post=106090"}],"version-history":[{"count":0,"href":"https:\/\/www.europesays.com\/se\/wp-json\/wp\/v2\/posts\/106090\/revisions"}],"wp:featuredmedia":[{"embeddable":true,"href":"https:\/\/www.europesays.com\/se\/wp-json\/wp\/v2\/media\/106091"}],"wp:attachment":[{"href":"https:\/\/www.europesays.com\/se\/wp-json\/wp\/v2\/media?parent=106090"}],"wp:term":[{"taxonomy":"category","embeddable":true,"href":"https:\/\/www.europesays.com\/se\/wp-json\/wp\/v2\/categories?post=106090"},{"taxonomy":"post_tag","embeddable":true,"href":"https:\/\/www.europesays.com\/se\/wp-json\/wp\/v2\/tags?post=106090"}],"curies":[{"name":"wp","href":"https:\/\/api.w.org\/{rel}","templated":true}]}}