{"id":106094,"date":"2025-12-15T00:48:25","date_gmt":"2025-12-15T00:48:25","guid":{"rendered":"https:\/\/www.europesays.com\/se\/106094\/"},"modified":"2025-12-15T00:48:25","modified_gmt":"2025-12-15T00:48:25","slug":"avslojar-putins-okanda-han-alskar-det","status":"publish","type":"post","link":"https:\/\/www.europesays.com\/se\/106094\/","title":{"rendered":"Avsl\u00f6jar Putins ok\u00e4nda\n \u201dHan \u00e4lskar det\u201d"},"content":{"rendered":"<p>Publicerad 14 dec 2025 kl 23.02Uppdaterad 15 dec kl 01.13<\/p>\n<p>President Vladimir Putin har avsl\u00f6jat att han inte alltid anv\u00e4nder en bilkortege n\u00e4r han reser runt i Moskva, skriver <a href=\"https:\/\/www.vedomosti.ru\/politics\/news\/2025\/12\/14\/1163077-putin-peredvigaetsya\" rel=\"nofollow noopener\" target=\"_blank\">Vedomosti<\/a>.<\/p>\n<p>\u2013 F\u00f6r att vara \u00e4rlig s\u00e5 k\u00f6r jag ibland \u2019tyst\u2019, utan n\u00e5gon bilkortege, s\u00e4ger Putin.<\/p>\n<p>Kremls pressekreterare Dmitrij Peskov f\u00f6rtydligade med att s\u00e4ga att Putin \u201dk\u00f6r bil och \u00e4lskar att g\u00f6ra det\u201d.<\/p>\n<p><img   alt=\"\"\/> <\/p>\n<p>Foto: GAVRIIL GRIGOROV \/ SPUTNIK \/ KREMLIN PO \/ EPA SPUTNIK POOL<\/p>\n<p>\u00d6ppna bild i helsk\u00e4rm<img loading=\"lazy\"   alt=\"\"\/><\/p>\n<p>Vladimir Putin.<\/p>\n<p>Foto: KRISTINA KORMILITSYNA \/ SPUTNIK \/ KREMLI \/ EPA SPUTNIK POOL<\/p>\n<p>\u00d6ppna bild i helsk\u00e4rm<img loading=\"lazy\"   alt=\"\"\/><\/p>\n<p>Vladimir Putin och Kim Jong-Un.<\/p>\n<p>Foto: AP TT NYHETSBYR\u00c5N<\/p>\n<p>\u00d6ppna bild i helsk\u00e4rm<\/p>\n<p>Vid ett m\u00f6te med medlemmar i Ryska federationens r\u00e5d f\u00f6r civilsamh\u00e4llet och m\u00e4nskliga r\u00e4ttigheter i veckan avsl\u00f6jade ryske presidenten <a href=\"https:\/\/www.expressen.se\/tagg\/person\/vladimir-putin\/\" class=\"\" rel=\"nofollow noopener\" target=\"_blank\">Vladimir Putin<\/a> en f\u00f6ga k\u00e4nd detalj om sig sj\u00e4lv.<\/p>\n<p>\u2013 Jag k\u00f6r inte alltid med blinkande ljus och en massa tutande. F\u00f6r att vara \u00e4rlig k\u00f6r jag ibland \u201dtyst\u201d, utan n\u00e5gon bilkortege. Det h\u00e4nder ocks\u00e5, s\u00e4ger Putin.<\/p>\n<p>Han n\u00e4mnde detta i samband med diskussionerna kring elcykelbud i ryska st\u00e4der. R\u00e5dsmedlemmen Marina Akhmedova ans\u00e5g att elcykelbud kan utg\u00f6ra en fara f\u00f6r fotg\u00e4ngare.<\/p>\n<p>Putin h\u00f6ll med om att detta \u00e4r en \u201doro\u201d f\u00f6r medborgarna, men sade att han s\u00e4llan \u201df\u00e5r chansen\u201d att promenera runt i Moskva och \u201dkanske inte \u00e4r lika k\u00e4nslig\u201d f\u00f6r problemet.<\/p>\n<p><img loading=\"lazy\"   alt=\"\"\/><\/p>\n<p>Kim Jong-Un och Vladimir Putin.<\/p>\n<p>Foto: AP \/ AP TT NYHETSBYR\u00c5N<\/p>\n<p>\u00d6ppna bild i helsk\u00e4rm\u201d\u00c4lskar att g\u00f6ra det\u201d<\/p>\n<p>Kremls pressekreterare Dmitrij Peskov f\u00f6rtydligade sedan Putins uttalanden om att han ibland r\u00f6r sig runt i staden \u201dtyst\u201d.<\/p>\n<p>\u2013 Han k\u00f6r bil och \u00e4lskar att g\u00f6ra det, s\u00e4ger Peskov till ryska VGTRK.<\/p>\n<p>N\u00e4r Peskov tillfr\u00e5gades om det inneb\u00e4r att bilister i Moskva skulle kunna se Putin bakom ratten svarade Peskov dock:<\/p>\n<p>\u2013 Det \u00e4r osannolikt.<\/p>\n","protected":false},"excerpt":{"rendered":"Publicerad 14 dec 2025 kl 23.02Uppdaterad 15 dec kl 01.13 President Vladimir Putin har avsl\u00f6jat att han inte&hellip;\n","protected":false},"author":2,"featured_media":106095,"comment_status":"","ping_status":"","sticky":false,"template":"","format":"standard","meta":{"footnotes":""},"categories":[5],"tags":[22,23,26,27,17,21,24,25,28,29,15,16,203,18,34,55,31,33,32,30,19,20],"class_list":{"0":"post-106094","1":"post","2":"type-post","3":"status-publish","4":"format-standard","5":"has-post-thumbnail","7":"category-rubriker","8":"tag-breaking-news","9":"tag-breakingnews","10":"tag-featured-news","11":"tag-featurednews","12":"tag-headlines","13":"tag-huvudnyheter","14":"tag-latest-news","15":"tag-latestnews","16":"tag-main-news","17":"tag-mainnews","18":"tag-news","19":"tag-nyheter","20":"tag-person-vladimir-putin","21":"tag-rubriker","22":"tag-se","23":"tag-sections-varlden","24":"tag-svenska","25":"tag-sverige","26":"tag-sweden","27":"tag-swedish","28":"tag-top-stories","29":"tag-topstories"},"share_on_mastodon":{"url":"https:\/\/pubeurope.com\/@se\/115720834615783526","error":""},"_links":{"self":[{"href":"https:\/\/www.europesays.com\/se\/wp-json\/wp\/v2\/posts\/106094","targetHints":{"allow":["GET"]}}],"collection":[{"href":"https:\/\/www.europesays.com\/se\/wp-json\/wp\/v2\/posts"}],"about":[{"href":"https:\/\/www.europesays.com\/se\/wp-json\/wp\/v2\/types\/post"}],"author":[{"embeddable":true,"href":"https:\/\/www.europesays.com\/se\/wp-json\/wp\/v2\/users\/2"}],"replies":[{"embeddable":true,"href":"https:\/\/www.europesays.com\/se\/wp-json\/wp\/v2\/comments?post=106094"}],"version-history":[{"count":0,"href":"https:\/\/www.europesays.com\/se\/wp-json\/wp\/v2\/posts\/106094\/revisions"}],"wp:featuredmedia":[{"embeddable":true,"href":"https:\/\/www.europesays.com\/se\/wp-json\/wp\/v2\/media\/106095"}],"wp:attachment":[{"href":"https:\/\/www.europesays.com\/se\/wp-json\/wp\/v2\/media?parent=106094"}],"wp:term":[{"taxonomy":"category","embeddable":true,"href":"https:\/\/www.europesays.com\/se\/wp-json\/wp\/v2\/categories?post=106094"},{"taxonomy":"post_tag","embeddable":true,"href":"https:\/\/www.europesays.com\/se\/wp-json\/wp\/v2\/tags?post=106094"}],"curies":[{"name":"wp","href":"https:\/\/api.w.org\/{rel}","templated":true}]}}