{"id":106110,"date":"2025-12-15T01:06:07","date_gmt":"2025-12-15T01:06:07","guid":{"rendered":"https:\/\/www.europesays.com\/se\/106110\/"},"modified":"2025-12-15T01:06:07","modified_gmt":"2025-12-15T01:06:07","slug":"profilens-nya-dromliv-iusa-flydde-sverige-trav","status":"publish","type":"post","link":"https:\/\/www.europesays.com\/se\/106110\/","title":{"rendered":"Profilens nya dr\u00f6mliv i\nUSA \u2013 flydde Sverige | Trav"},"content":{"rendered":"<p>Publicerad 14 dec 2025 kl 16.58Uppdaterad kl 17.03<\/p>\n<p>PremiumReijo Liljendahl, 70, l\u00e4mnade Sverige sommaren 2024.<\/p>\n<p>Han vet inte n\u00e4r han kommer tillbaka.<\/p>\n<p>I dag lever proffstr\u00e4naren sin amerikanska dr\u00f6m.<\/p>\n<p>\u2013 Jag beundrar mina tidigare kolleger som orkar forts\u00e4tta att t\u00e4vla i Sverige, s\u00e4ger Liljendahl.<\/p>\n<p><img   alt=\"\"\/><\/p>\n<p>Reijo Lilljendahl<\/p>\n<p>Foto: LARS JAKOBSSON \/ TR BILD<\/p>\n<p>\u00d6ppna bild i helsk\u00e4rm<img loading=\"lazy\"   alt=\"\"\/><\/p>\n<p>Travtr\u00e4naren Reijo Liljendahl i Vero Beach i USA.<\/p>\n<p>Foto: PRIVAT<\/p>\n<p>\u00d6ppna bild i helsk\u00e4rm<img loading=\"lazy\"   alt=\"\"\/><\/p>\n<p>Reijo Liljendahl i Vero Beach i USA. H\u00e4r med travtr\u00e4naren \u00c5ke Svanstedt.<\/p>\n<p>Foto: PRIVAT<\/p>\n<p>\u00d6ppna bild i helsk\u00e4rm<img loading=\"lazy\"   alt=\"\"\/><\/p>\n<p>Liljendahl i stallet i Vero Beach.<\/p>\n<p>Foto: PRIVAT<\/p>\n<p>\u00d6ppna bild i helsk\u00e4rm<img loading=\"lazy\"   alt=\"\"\/><\/p>\n<p>Marcus Melanders banor i Lexington d\u00e4r Reijo Liljendahl tr\u00e4nar travh\u00e4star.<\/p>\n<p>Foto: PRIVAT<\/p>\n<p>\u00d6ppna bild i helsk\u00e4rm<img loading=\"lazy\"   alt=\"\"\/><\/p>\n<p>Nadal Broline med Reijo Liljendahl (till v\u00e4nster) och kusken Ulf Ohlsson.<\/p>\n<p>Foto: MALIN ALBINSSON \/ KANAL 75<\/p>\n<p>\u00d6ppna bild i helsk\u00e4rm<img loading=\"lazy\"   alt=\"\"\/>\u00d6ppna bild i helsk\u00e4rm<\/p>\n","protected":false},"excerpt":{"rendered":"Publicerad 14 dec 2025 kl 16.58Uppdaterad kl 17.03 PremiumReijo Liljendahl, 70, l\u00e4mnade Sverige sommaren 2024. Han vet inte&hellip;\n","protected":false},"author":2,"featured_media":106111,"comment_status":"","ping_status":"","sticky":false,"template":"","format":"standard","meta":{"footnotes":""},"categories":[68],"tags":[2576,11867,103,34,1033,111,110,31,33,32,30],"class_list":{"0":"post-106110","1":"post","2":"type-post","3":"status-publish","4":"format-standard","5":"has-post-thumbnail","7":"category-sport","8":"tag-organization-travsport","9":"tag-person-reijo-liljendahl","10":"tag-premium","11":"tag-se","12":"tag-sections-trav","13":"tag-sport","14":"tag-sports","15":"tag-svenska","16":"tag-sverige","17":"tag-sweden","18":"tag-swedish"},"share_on_mastodon":{"url":"https:\/\/pubeurope.com\/@se\/115720905378206845","error":""},"_links":{"self":[{"href":"https:\/\/www.europesays.com\/se\/wp-json\/wp\/v2\/posts\/106110","targetHints":{"allow":["GET"]}}],"collection":[{"href":"https:\/\/www.europesays.com\/se\/wp-json\/wp\/v2\/posts"}],"about":[{"href":"https:\/\/www.europesays.com\/se\/wp-json\/wp\/v2\/types\/post"}],"author":[{"embeddable":true,"href":"https:\/\/www.europesays.com\/se\/wp-json\/wp\/v2\/users\/2"}],"replies":[{"embeddable":true,"href":"https:\/\/www.europesays.com\/se\/wp-json\/wp\/v2\/comments?post=106110"}],"version-history":[{"count":0,"href":"https:\/\/www.europesays.com\/se\/wp-json\/wp\/v2\/posts\/106110\/revisions"}],"wp:featuredmedia":[{"embeddable":true,"href":"https:\/\/www.europesays.com\/se\/wp-json\/wp\/v2\/media\/106111"}],"wp:attachment":[{"href":"https:\/\/www.europesays.com\/se\/wp-json\/wp\/v2\/media?parent=106110"}],"wp:term":[{"taxonomy":"category","embeddable":true,"href":"https:\/\/www.europesays.com\/se\/wp-json\/wp\/v2\/categories?post=106110"},{"taxonomy":"post_tag","embeddable":true,"href":"https:\/\/www.europesays.com\/se\/wp-json\/wp\/v2\/tags?post=106110"}],"curies":[{"name":"wp","href":"https:\/\/api.w.org\/{rel}","templated":true}]}}