{"id":106112,"date":"2025-12-15T01:07:25","date_gmt":"2025-12-15T01:07:25","guid":{"rendered":"https:\/\/www.europesays.com\/se\/106112\/"},"modified":"2025-12-15T01:07:25","modified_gmt":"2025-12-15T01:07:25","slug":"har-timothee-chalamet-en-hemlig-karriar-som-rappare","status":"publish","type":"post","link":"https:\/\/www.europesays.com\/se\/106112\/","title":{"rendered":"Har Timoth\u00e9e Chalamet en hemlig karri\u00e4r som rappare?"},"content":{"rendered":"<p><strong>Timoth\u00e9e Chalamet<\/strong> gestaltar folklegenden Bob Dylan i <a href=\"https:\/\/www.moviezine.se\/?s=%E2%80%9DA+Complete+Unknown%E2%80%9D\" rel=\"nofollow noopener\" target=\"_blank\">\u201dA Complete Unknown\u201d,<\/a> men nu spekulerar fans i om sk\u00e5despelaren ocks\u00e5 lever ett hemligt liv som den brittiska rapparen EsDeeKid.<\/p>\n<p><strong>EsDeeKid<\/strong> d\u00f6k upp fr\u00e5n ingenstans och er\u00f6vrade musikv\u00e4rlden p\u00e5 rekordtid. Rapparen p\u00e5st\u00e5r att han kommer fr\u00e5n Liverpool och upptr\u00e4der alltid med ansiktet dolt bakom en balaklava. Sedan debuten med albumet \u201dRebel\u201d i juni 2025 har artisten samlat \u00f6ver 11 miljoner m\u00e5natliga lyssnare p\u00e5 Spotify och mer \u00e4n 600 000 f\u00f6ljare p\u00e5 Instagram.<\/p>\n<p>Nu planerar EsDeeKid en turn\u00e9 genom Nordamerika och Australien under januari och februari 2026. Men vem g\u00f6mmer sig egentligen bakom masken? <\/p>\n<p>Bevisen som f\u00e5r fansen att spekulera<\/p>\n<p>Ryktena bygger p\u00e5 sl\u00e5ende likheter, med identiska \u00f6gon som syns genom balaklavan, samma unika d\u00f6dskallehalsduk och Chalamets k\u00e4nda passion f\u00f6r hiphop.<\/p>\n<p>I augusti 2025 d\u00f6k han dessutom upp p\u00e5 en Fakemink-konsert i London, samma artist som g\u00e4star EsDeeKids l\u00e5t \u201dLV Sandals\u201d.<\/p>\n<p>N\u00e4r den brittiska radiokanalen Heart Breakfast konfronterade Chalamet den 11 december fick lyssnarna inget klart besked.<\/p>\n<p>\u2013 Jag har ingen kommentar, sa han f\u00f6rst, f\u00f6r att sedan bryta ut i ett skelmigt leende:<\/p>\n<p>\u2013 Allt kommer avsl\u00f6jas i sinom tid.<\/p>\n<p><img loading=\"lazy\" decoding=\"async\" alt=\"YouTube video\" width=\"480\" height=\"360\" data-pin-nopin=\"true\" nopin=\"nopin\" class=\"perfmatters-lazy\" src=\"https:\/\/www.europesays.com\/se\/wp-content\/uploads\/2025\/12\/1765760845_903_hqdefault.jpg\"\/><\/p>\n<p>Men enligt <a href=\"https:\/\/people.com\/esdeekid-timothee-chalamet-identity-everything-to-know-11868154\" rel=\"nofollow noopener\" target=\"_blank\">People<\/a> talar \u00e5tminstone en sak emot teorin. EsDeeKid spelade i Milano den 9 oktober klockan 20.00, samtidigt som Chalamet d\u00f6k upp vid en \u201dMarty Supreme\u201d-visning i New York klockan 21.00. <\/p>\n<p>Tills n\u00e5gon tar av masken f\u00e5r spekulationerna forts\u00e4tta.<\/p>\n<p>L\u00e4s ocks\u00e5: <a href=\"https:\/\/www.moviezine.se\/nyheter\/timothee-chalamet-avslojar-tidshopp-i-dune-3-jag-spelar-15-20-ar-aldre\" title=\"Timoth\u00e9e Chalamet avsl\u00f6jar tidshopp i \u201dDune 3\u201d: \u201dJag spelar 15\u201320 \u00e5r \u00e4ldre\u201d\" class=\"underline-custom !font-montserrat !font-bold !underline-offset-4 !decoration-4 !decoration-moviezine-green !text-md\" rel=\"nofollow noopener\" target=\"_blank\">Timoth\u00e9e Chalamet avsl\u00f6jar tidshopp i \u201dDune 3\u201d: \u201dJag spelar 15\u201320 \u00e5r \u00e4ldre\u201d<\/a><\/p>\n<p>L\u00e4s ocks\u00e5: <a href=\"https:\/\/www.moviezine.se\/nyheter\/timothee-chalamet-utser-sina-3-favoritskadisar\" title=\"Timoth\u00e9e Chalamet utser sina 3 favoritsk\u00e5disar\" class=\"underline-custom !font-montserrat !font-bold !underline-offset-4 !decoration-4 !decoration-moviezine-green !text-md\" rel=\"nofollow noopener\" target=\"_blank\">Timoth\u00e9e Chalamet utser sina 3 favoritsk\u00e5disar<\/a><\/p>\n","protected":false},"excerpt":{"rendered":"Timoth\u00e9e Chalamet gestaltar folklegenden Bob Dylan i \u201dA Complete Unknown\u201d, men nu spekulerar fans i om sk\u00e5despelaren ocks\u00e5&hellip;\n","protected":false},"author":2,"featured_media":106113,"comment_status":"","ping_status":"","sticky":false,"template":"","format":"standard","meta":{"footnotes":""},"categories":[67],"tags":[104,2573,34,31,33,32,30,105],"class_list":{"0":"post-106112","1":"post","2":"type-post","3":"status-publish","4":"format-standard","5":"has-post-thumbnail","7":"category-underhallning","8":"tag-entertainment","9":"tag-hollywood","10":"tag-se","11":"tag-svenska","12":"tag-sverige","13":"tag-sweden","14":"tag-swedish","15":"tag-underhallning"},"share_on_mastodon":{"url":"https:\/\/pubeurope.com\/@se\/115720909366895920","error":""},"_links":{"self":[{"href":"https:\/\/www.europesays.com\/se\/wp-json\/wp\/v2\/posts\/106112","targetHints":{"allow":["GET"]}}],"collection":[{"href":"https:\/\/www.europesays.com\/se\/wp-json\/wp\/v2\/posts"}],"about":[{"href":"https:\/\/www.europesays.com\/se\/wp-json\/wp\/v2\/types\/post"}],"author":[{"embeddable":true,"href":"https:\/\/www.europesays.com\/se\/wp-json\/wp\/v2\/users\/2"}],"replies":[{"embeddable":true,"href":"https:\/\/www.europesays.com\/se\/wp-json\/wp\/v2\/comments?post=106112"}],"version-history":[{"count":0,"href":"https:\/\/www.europesays.com\/se\/wp-json\/wp\/v2\/posts\/106112\/revisions"}],"wp:featuredmedia":[{"embeddable":true,"href":"https:\/\/www.europesays.com\/se\/wp-json\/wp\/v2\/media\/106113"}],"wp:attachment":[{"href":"https:\/\/www.europesays.com\/se\/wp-json\/wp\/v2\/media?parent=106112"}],"wp:term":[{"taxonomy":"category","embeddable":true,"href":"https:\/\/www.europesays.com\/se\/wp-json\/wp\/v2\/categories?post=106112"},{"taxonomy":"post_tag","embeddable":true,"href":"https:\/\/www.europesays.com\/se\/wp-json\/wp\/v2\/tags?post=106112"}],"curies":[{"name":"wp","href":"https:\/\/api.w.org\/{rel}","templated":true}]}}