{"id":106116,"date":"2025-12-15T01:10:09","date_gmt":"2025-12-15T01:10:09","guid":{"rendered":"https:\/\/www.europesays.com\/se\/106116\/"},"modified":"2025-12-15T01:10:09","modified_gmt":"2025-12-15T01:10:09","slug":"framsteg-i-fredssamtal-infor-mandagens-toppmote","status":"publish","type":"post","link":"https:\/\/www.europesays.com\/se\/106116\/","title":{"rendered":"Framsteg i fredssamtal inf\u00f6r m\u00e5ndagens toppm\u00f6te"},"content":{"rendered":"<p class=\"boxtextgrotesk-root_baa6 hyperion-css-7pajle\">Publicerad 2025-12-14 08.20<\/p>\n<p>share-arrowDela<\/p>\n<p>unsaveSpara<\/p>\n<p>chevron-leftf\u00f6reg\u00e5ende<\/p>\n<ul class=\"carousel-container-viewport\" style=\"transform:translate3d(0%, 0, 0)\">\n<li class=\"carousel-slide\" style=\"z-index:1;filter:none(1);padding-bottom:66.68421%\"><img decoding=\"async\" class=\"image-asset hyperion-css-u06ts1\" data-test-tag=\"image-asset\" src=\"https:\/\/www.europesays.com\/se\/wp-content\/uploads\/2025\/12\/d052266c-8e92-4aae-ac5f-bc7fdc59a8ad\"  alt=\"\"  fetchpriority=\"auto\" style=\"aspect-ratio:1900 \/ 1267\"\/><\/li>\n<li class=\"carousel-slide\" style=\"filter:none(0.3);padding-bottom:66.68421%\"><img decoding=\"async\" class=\"image-asset hyperion-css-u06ts1\" data-test-tag=\"image-asset\" src=\"https:\/\/www.europesays.com\/se\/wp-content\/uploads\/2025\/12\/2b0e11f5-b12b-4efe-88d6-0b7405088503\"  alt=\"\"  fetchpriority=\"auto\" style=\"aspect-ratio:1900 \/ 1267\"\/><\/li>\n<\/ul>\n<p>expand-left<\/p>\n<p>helsk\u00e4rmchevron-rightn\u00e4staUSA:s president Donald Trumps s\u00e4ndebud Steve Witkoff anl\u00e4nder till Berlin f\u00f6r samtal med Ukrainas president Volodymyr Zelenskyj om ett fredsavtal f\u00f6r att f\u00e5 ett slut p\u00e5 Ukrainakriget.<\/p>\n<p>1 \/ 2Foto: Kay Nietfeld\/Dpa Via AP\/TT<\/p>\n<p class=\"hyperion-css-1shl3oz\" data-test-tag=\"lead-text\">Flera framsteg uppges ha gjorts under fredssamtalen i Berlin p\u00e5 s\u00f6ndagen mellan Ukrainas president Volodymyr Zelenskyj och den amerikanska delegationen.<\/p>\n<p class=\"hyperion-css-1shl3oz\" data-test-tag=\"lead-text\">Samtalen forts\u00e4tter p\u00e5 m\u00e5ndagen inf\u00f6r toppm\u00f6tet d\u00e4r flera europeiska ledare deltar.<\/p>\n<p class=\"hyperion-css-1v9qo5x\">Samtalen mellan Zelenskyj och den amerikanska delegationen varade i fem timmar.<\/p>\n<p class=\"hyperion-css-1v9qo5x\">\u201dRepresentanterna hade djupg\u00e5ende diskussioner om 20-punktsplanen f\u00f6r fred, ekonomiska fr\u00e5gor med mera. Flera framsteg gjordes, och de kommer att tr\u00e4ffas igen i morgon f\u00f6rmiddag\u201d, s\u00e4ger USA:s s\u00e4ndebud Steve Witkoff p\u00e5 X.<\/p>\n<p class=\"hyperion-css-1v9qo5x\">Zelenskyj uppges vara beredd att ge upp kraven p\u00e5 Natomedlemskap. Detta i utbyte mot s\u00e4kerhetsgarantier fr\u00e5n USA och Europa, rapporterar Financial Times.<\/p>\n<p class=\"hyperion-css-1v9qo5x\">I kommentarer till reportrar har han efterlyst USA:s st\u00f6d f\u00f6r att frysa frontlinjen d\u00e4r den \u00e4r, vilket enligt presidenten skulle vara \u201ddet mest r\u00e4ttvisa\u201d i nul\u00e4get.<\/p>\n<p class=\"hyperion-css-1v9qo5x\">Han tycks ocks\u00e5 vara beredd att ge upp kraven p\u00e5 Natomedlemskap.<\/p>\n<p class=\"hyperion-css-1v9qo5x\">\u201dVi pratar om bilaterala s\u00e4kerhetsgarantier mellan Ukraina och USA \u2013 det vill s\u00e4ga artikel 5-liknande garantier (Natos b\u00e4rande princip om \u00f6msesidiga f\u00f6rsvarsgarantier) \u2013 s\u00e5v\u00e4l som garantier fr\u00e5n v\u00e5ra europeiska partners liksom andra l\u00e4nder som Kanada, Japan och andra\u201d, ska Zelenskyj ha sagt i en Whatsappintervju med reportrar.<\/p>\n<p>Ingen \u00e5terkoppling<\/p>\n<p class=\"hyperion-css-1v9qo5x\">Zelenskyj uppgav inf\u00f6r m\u00f6tet med s\u00e4ndebuden att Kiev inte f\u00e5tt n\u00e5gon \u00e5terkoppling fr\u00e5n USA g\u00e4llande det reviderade fredsf\u00f6rslag som lades fram tidigare i veckan, efter samr\u00e5d med europeiska ledare.<\/p>\n<p class=\"hyperion-css-1v9qo5x\">\u201dViktigast \u00e4r att alla delar som vi kommer \u00f6verens om med v\u00e5ra samarbetspartners m\u00e5ste fungera i praktiken f\u00f6r att garantera s\u00e4kerheten. Bara trov\u00e4rdiga garantier kan leda till fred\u201d, s\u00e4ger han p\u00e5 X.<\/p>\n<p class=\"hyperion-css-1v9qo5x\">N\u00e5gra nyckelfr\u00e5gor \u00e4r om Ukraina kan g\u00e5 med p\u00e5 territoriella eftergifter och eventuella s\u00e4kerhetsgarantier f\u00f6r Ukraina. Avg\u00f6rande \u00e4r dock om Moskva \u00e4r berett att g\u00e5 med p\u00e5 det reviderade fredsf\u00f6rslaget.<\/p>\n<p>Kristersson \u00e5ker dit<\/p>\n<p class=\"hyperion-css-1v9qo5x\">Sj\u00e4lva toppm\u00f6tet om fredsavtalet kommer att h\u00e5llas p\u00e5 m\u00e5ndagen. Sveriges statsminister Ulf Kristersson deltar p\u00e5 plats i Berlin. Dessutom kommer flera europeiska stats- och regeringschefer samt EU:s och Natos ledare ansluta till samtalen.<\/p>\n<p class=\"hyperion-css-1v9qo5x\">President Trump har den senaste tiden \u00f6kat pressen p\u00e5 Ukraina att g\u00e5 med p\u00e5 ett fredsavtal. Bland annat har han h\u00e4vdat att Ukraina ligger i milit\u00e4rt underl\u00e4ge gentemot angriparen Ryssland och varnat f\u00f6r att landet kan f\u00f6rlora \u00e4nnu mer territorium.<\/p>\n","protected":false},"excerpt":{"rendered":"Publicerad 2025-12-14 08.20 share-arrowDela unsaveSpara chevron-leftf\u00f6reg\u00e5ende expand-left helsk\u00e4rmchevron-rightn\u00e4staUSA:s president Donald Trumps s\u00e4ndebud Steve Witkoff anl\u00e4nder till Berlin f\u00f6r&hellip;\n","protected":false},"author":2,"featured_media":106117,"comment_status":"","ping_status":"","sticky":false,"template":"","format":"standard","meta":{"footnotes":""},"categories":[14],"tags":[22,23,26,27,17,21,24,25,28,29,15,16,18,34,31,33,32,30,19,20,51,52,53,54],"class_list":{"0":"post-106116","1":"post","2":"type-post","3":"status-publish","4":"format-standard","5":"has-post-thumbnail","7":"category-varlden","8":"tag-breaking-news","9":"tag-breakingnews","10":"tag-featured-news","11":"tag-featurednews","12":"tag-headlines","13":"tag-huvudnyheter","14":"tag-latest-news","15":"tag-latestnews","16":"tag-main-news","17":"tag-mainnews","18":"tag-news","19":"tag-nyheter","20":"tag-rubriker","21":"tag-se","22":"tag-svenska","23":"tag-sverige","24":"tag-sweden","25":"tag-swedish","26":"tag-top-stories","27":"tag-topstories","28":"tag-varlden","29":"tag-world","30":"tag-world-news","31":"tag-worldnews"},"share_on_mastodon":{"url":"https:\/\/pubeurope.com\/@se\/115720921169900258","error":""},"_links":{"self":[{"href":"https:\/\/www.europesays.com\/se\/wp-json\/wp\/v2\/posts\/106116","targetHints":{"allow":["GET"]}}],"collection":[{"href":"https:\/\/www.europesays.com\/se\/wp-json\/wp\/v2\/posts"}],"about":[{"href":"https:\/\/www.europesays.com\/se\/wp-json\/wp\/v2\/types\/post"}],"author":[{"embeddable":true,"href":"https:\/\/www.europesays.com\/se\/wp-json\/wp\/v2\/users\/2"}],"replies":[{"embeddable":true,"href":"https:\/\/www.europesays.com\/se\/wp-json\/wp\/v2\/comments?post=106116"}],"version-history":[{"count":0,"href":"https:\/\/www.europesays.com\/se\/wp-json\/wp\/v2\/posts\/106116\/revisions"}],"wp:featuredmedia":[{"embeddable":true,"href":"https:\/\/www.europesays.com\/se\/wp-json\/wp\/v2\/media\/106117"}],"wp:attachment":[{"href":"https:\/\/www.europesays.com\/se\/wp-json\/wp\/v2\/media?parent=106116"}],"wp:term":[{"taxonomy":"category","embeddable":true,"href":"https:\/\/www.europesays.com\/se\/wp-json\/wp\/v2\/categories?post=106116"},{"taxonomy":"post_tag","embeddable":true,"href":"https:\/\/www.europesays.com\/se\/wp-json\/wp\/v2\/tags?post=106116"}],"curies":[{"name":"wp","href":"https:\/\/api.w.org\/{rel}","templated":true}]}}