{"id":106121,"date":"2025-12-15T01:18:09","date_gmt":"2025-12-15T01:18:09","guid":{"rendered":"https:\/\/www.europesays.com\/se\/106121\/"},"modified":"2025-12-15T01:18:09","modified_gmt":"2025-12-15T01:18:09","slug":"clabbe-och-juholt-blir-morfar-och-farfar-ihop","status":"publish","type":"post","link":"https:\/\/www.europesays.com\/se\/106121\/","title":{"rendered":"\u201dClabbe\u201d och Juholt blir morfar och farfar ihop"},"content":{"rendered":"<p>Den tidigare S-ledaren H\u00e5kan Juholt och n\u00f6jesprofilen Claes \u201dClabbe\u201d af Geijerstam ska f\u00e5 ett barnbarn ihop, skriver Aftonbladet. Juholts son Viktor och af Geijerstams dotter Isabell \u00e4r ett par och v\u00e4ntar till\u00f6kning i februari. <\/p>\n<p>De b\u00e5da blivande mor- och farf\u00e4derna af Geijerstam och Juholt har \u00e4nnu inte tr\u00e4ffats personligen, men b\u00e5da uttrycker v\u00e4nliga ord om varandra. <\/p>\n<p>\u2013 Det \u00e4r j\u00e4ttefint att vi nu blir familj, s\u00e4ger Juholt till tidningen. <\/p>\n<p>Omni \u00e4r politiskt obundna och oberoende. Vi str\u00e4var efter att ge fler perspektiv p\u00e5 nyheterna. Har du fr\u00e5gor eller synpunkter kring v\u00e5r rapportering? <a href=\"https:\/\/omni.se\/clabbe-och-juholt-blir-morfar-och-farfar-ihop\/a\/mailto:redaktion@omni.se\" class=\"ArticleActions_contactLink__W2F1M\" rel=\"nofollow noopener\" target=\"_blank\">Kontakta redaktionen<\/a><\/p>\n","protected":false},"excerpt":{"rendered":"Den tidigare S-ledaren H\u00e5kan Juholt och n\u00f6jesprofilen Claes \u201dClabbe\u201d af Geijerstam ska f\u00e5 ett barnbarn ihop, skriver Aftonbladet.&hellip;\n","protected":false},"author":2,"featured_media":106122,"comment_status":"","ping_status":"","sticky":false,"template":"","format":"standard","meta":{"footnotes":""},"categories":[67],"tags":[11868,104,869,34,31,33,32,30,105],"class_list":{"0":"post-106121","1":"post","2":"type-post","3":"status-publish","4":"format-standard","5":"has-post-thumbnail","7":"category-underhallning","8":"tag-claes-af-geijerstam","9":"tag-entertainment","10":"tag-hakan-juholt","11":"tag-se","12":"tag-svenska","13":"tag-sverige","14":"tag-sweden","15":"tag-swedish","16":"tag-underhallning"},"share_on_mastodon":{"url":"https:\/\/pubeurope.com\/@se\/115720952414087289","error":""},"_links":{"self":[{"href":"https:\/\/www.europesays.com\/se\/wp-json\/wp\/v2\/posts\/106121","targetHints":{"allow":["GET"]}}],"collection":[{"href":"https:\/\/www.europesays.com\/se\/wp-json\/wp\/v2\/posts"}],"about":[{"href":"https:\/\/www.europesays.com\/se\/wp-json\/wp\/v2\/types\/post"}],"author":[{"embeddable":true,"href":"https:\/\/www.europesays.com\/se\/wp-json\/wp\/v2\/users\/2"}],"replies":[{"embeddable":true,"href":"https:\/\/www.europesays.com\/se\/wp-json\/wp\/v2\/comments?post=106121"}],"version-history":[{"count":0,"href":"https:\/\/www.europesays.com\/se\/wp-json\/wp\/v2\/posts\/106121\/revisions"}],"wp:featuredmedia":[{"embeddable":true,"href":"https:\/\/www.europesays.com\/se\/wp-json\/wp\/v2\/media\/106122"}],"wp:attachment":[{"href":"https:\/\/www.europesays.com\/se\/wp-json\/wp\/v2\/media?parent=106121"}],"wp:term":[{"taxonomy":"category","embeddable":true,"href":"https:\/\/www.europesays.com\/se\/wp-json\/wp\/v2\/categories?post=106121"},{"taxonomy":"post_tag","embeddable":true,"href":"https:\/\/www.europesays.com\/se\/wp-json\/wp\/v2\/tags?post=106121"}],"curies":[{"name":"wp","href":"https:\/\/api.w.org\/{rel}","templated":true}]}}