{"id":106127,"date":"2025-12-15T01:26:45","date_gmt":"2025-12-15T01:26:45","guid":{"rendered":"https:\/\/www.europesays.com\/se\/106127\/"},"modified":"2025-12-15T01:26:45","modified_gmt":"2025-12-15T01:26:45","slug":"forvaningen-i-tv4-tvisten-i-korslaget","status":"publish","type":"post","link":"https:\/\/www.europesays.com\/se\/106127\/","title":{"rendered":"F\u00f6rv\u00e5ningen i TV4 \u2013 tvisten i \u201dK\u00f6rslaget\u201d"},"content":{"rendered":"<p>Publicerad 13 dec 2025 kl 21.30<\/p>\n<p>N\u00e4r det ska avsl\u00f6jas vem som tvingas l\u00e4mna \u201dK\u00f6rslaget\u201d \u00f6verraskar Caroline af Ugglas rej\u00e4lt.\u00a0<\/p>\n<p>\u2013 Wow, s\u00e4ger programledaren Eric Saade i programmet.\u00a0<\/p>\n<p><img   alt=\"\"\/><\/p>\n<p>Klara Hammarstr\u00f6m blir chockad.<\/p>\n<p>Foto: Tv4<\/p>\n<p>\u00d6ppna bild i helsk\u00e4rm<img loading=\"lazy\"   alt=\"\"\/><\/p>\n<p>K\u00f6rerna gr\u00e5ter n\u00e4r de f\u00e5r reda p\u00e5 att alla g\u00e5r vidare.<\/p>\n<p>Foto: Tv4<\/p>\n<p>\u00d6ppna bild i helsk\u00e4rm<img loading=\"lazy\"   alt=\"\"\/><\/p>\n<p>Klara Hammarstr\u00f6m \u00e4r l\u00e4ttad.<\/p>\n<p>Foto: Tv4<\/p>\n<p>\u00d6ppna bild i helsk\u00e4rm<img loading=\"lazy\"   alt=\"\"\/><\/p>\n<p>John Lundvik drar efter andan.<\/p>\n<p>Foto: TV4<\/p>\n<p>\u00d6ppna bild i helsk\u00e4rm<\/p>\n<p>P\u00e5 l\u00f6rdagen hade TV4:s nya \u201dK\u00f6rslaget \u2013 tillsammans mot cancer\u201d premi\u00e4r.\u00a0<\/p>\n<p>De som t\u00e4vlar om att ta hem vinsten \u00e4r Joakim Lundell, John Lundvik, <a href=\"https:\/\/www.expressen.se\/tagg\/person\/klara-hammarstrom\/\" class=\"\" rel=\"nofollow noopener\" target=\"_blank\">Klara Hammarstr\u00f6m<\/a>, Eric Gadd, Linnea Henriksson och Janice Kavander.\u00a0<\/p>\n<p>I premi\u00e4ren sker en stor tvist.\u00a0<\/p>\n<p>N\u00e4r juryn ska avsl\u00f6ja vem det \u00e4r som tvingas \u00e5ka ut s\u00e4ger Caroline af Ugglas, grundare av programid\u00e9n:\u00a0<\/p>\n<p>\u2013 Vi hade h\u00f6ga f\u00f6rv\u00e4ntningar och vi har inte varit enade.<\/p>\n<p>Stora tvisten i \u201dK\u00f6rslaget\u201d<\/p>\n<p>D\u00e5 st\u00e5r det mellan att det \u00e4r John Lundvik och Klara Hammarstr\u00f6m som tvingas l\u00e4mna.\u00a0<\/p>\n<p>Caroline af Ugglas forts\u00e4tter:\u00a0<\/p>\n<p>\u2013 Vi m\u00e5ste helt enkelt se mer av er b\u00e5da, s\u00e5 ingen \u00e5ker ut.<\/p>\n<p>Publiken skriker och Klara Hammarstr\u00f6m och John Lundvik skrattar l\u00e4ttade.\u00a0<\/p>\n<p>Programledaren Eric Saade s\u00e4ger \u201dwow\u201d och forts\u00e4tter:<\/p>\n<p>\u2013 Det h\u00e4r betyder allts\u00e5 att alla t\u00e4vlar vidare till n\u00e4sta vecka, det fick jag ocks\u00e5 reda p\u00e5 det nu.\u00a0<\/p>\n","protected":false},"excerpt":{"rendered":"Publicerad 13 dec 2025 kl 21.30 N\u00e4r det ska avsl\u00f6jas vem som tvingas l\u00e4mna \u201dK\u00f6rslaget\u201d \u00f6verraskar Caroline af&hellip;\n","protected":false},"author":2,"featured_media":106128,"comment_status":"","ping_status":"","sticky":false,"template":"","format":"standard","meta":{"footnotes":""},"categories":[67],"tags":[104,11798,384,11872,11870,11871,2470,3965,11869,34,645,31,33,32,30,105],"class_list":{"0":"post-106127","1":"post","2":"type-post","3":"status-publish","4":"format-standard","5":"has-post-thumbnail","7":"category-underhallning","8":"tag-entertainment","9":"tag-organization-korslaget","10":"tag-organization-tv4","11":"tag-person-caroline-af-ugglas","12":"tag-person-eric-gadd","13":"tag-person-eric-saade","14":"tag-person-joakim-lundell","15":"tag-person-klara-hammarstrom","16":"tag-person-linnea-henriksson","17":"tag-se","18":"tag-sections-tv","19":"tag-svenska","20":"tag-sverige","21":"tag-sweden","22":"tag-swedish","23":"tag-underhallning"},"share_on_mastodon":{"url":"https:\/\/pubeurope.com\/@se\/115720983904141122","error":""},"_links":{"self":[{"href":"https:\/\/www.europesays.com\/se\/wp-json\/wp\/v2\/posts\/106127","targetHints":{"allow":["GET"]}}],"collection":[{"href":"https:\/\/www.europesays.com\/se\/wp-json\/wp\/v2\/posts"}],"about":[{"href":"https:\/\/www.europesays.com\/se\/wp-json\/wp\/v2\/types\/post"}],"author":[{"embeddable":true,"href":"https:\/\/www.europesays.com\/se\/wp-json\/wp\/v2\/users\/2"}],"replies":[{"embeddable":true,"href":"https:\/\/www.europesays.com\/se\/wp-json\/wp\/v2\/comments?post=106127"}],"version-history":[{"count":0,"href":"https:\/\/www.europesays.com\/se\/wp-json\/wp\/v2\/posts\/106127\/revisions"}],"wp:featuredmedia":[{"embeddable":true,"href":"https:\/\/www.europesays.com\/se\/wp-json\/wp\/v2\/media\/106128"}],"wp:attachment":[{"href":"https:\/\/www.europesays.com\/se\/wp-json\/wp\/v2\/media?parent=106127"}],"wp:term":[{"taxonomy":"category","embeddable":true,"href":"https:\/\/www.europesays.com\/se\/wp-json\/wp\/v2\/categories?post=106127"},{"taxonomy":"post_tag","embeddable":true,"href":"https:\/\/www.europesays.com\/se\/wp-json\/wp\/v2\/tags?post=106127"}],"curies":[{"name":"wp","href":"https:\/\/api.w.org\/{rel}","templated":true}]}}