{"id":106131,"date":"2025-12-15T01:33:13","date_gmt":"2025-12-15T01:33:13","guid":{"rendered":"https:\/\/www.europesays.com\/se\/106131\/"},"modified":"2025-12-15T01:33:13","modified_gmt":"2025-12-15T01:33:13","slug":"svenskt-fiasko-i-davos-hedegart-vann-stort-langdskidor","status":"publish","type":"post","link":"https:\/\/www.europesays.com\/se\/106131\/","title":{"rendered":"Svenskt fiasko i Davos \u2013 Hedegart vann stort | L\u00e4ngdskidor"},"content":{"rendered":"<p>Publicerad 14 dec 2025 kl 10.53Uppdaterad kl 12.32<\/p>\n<p>Svenskarna var l\u00e5ngt efter i distansen.\u00a0<\/p>\n<p>Sedan slaktades samtliga av Emil Iversen.\u00a0<\/p>\n<p>\u2013 Det \u00e4r pinsamt, s\u00e4ger han.\u00a0<\/p>\n<p><img loading=\"lazy\"   alt=\"\"\/><\/p>\n<p>Einar Hedegart tog en ny seger.<\/p>\n<p>Foto: MAXIM THORE \/ BILDBYR\u00c5N<\/p>\n<p>\u00d6ppna bild i helsk\u00e4rm<img loading=\"lazy\"   alt=\"\"\/><\/p>\n<p>Emil Iversen.<\/p>\n<p>Foto: MAXIM THORE \/ BILDBYR\u00c5N<\/p>\n<p>\u00d6ppna bild i helsk\u00e4rm<img loading=\"lazy\"   alt=\"\"\/><\/p>\n<p>Edvin Anger hade tuff dag i sp\u00e5ret.<\/p>\n<p>Foto: MAXIM THORE \/ BILDBYR\u00c5N<\/p>\n<p>\u00d6ppna bild i helsk\u00e4rm<\/p>\n<p>Sju norrm\u00e4n var f\u00f6re b\u00e4ste svensk i m\u00e5l p\u00e5 distanst\u00e4vligen i Davos.\u00a0<\/p>\n<p>Dessutom blev det en helnorsk pall.<\/p>\n<p>\u2013 Norsk dominans som alltid. Jag har bara en sak att s\u00e4ga till utl\u00e4nningarna: de f\u00e5r sk\u00e4rpa sig. Det \u00e4r pinsamt, s\u00e4ger Emil Iversen.\u00a0<\/p>\n<p>Slaktar svenskarna<\/p>\n<p>Gustaf Berglund p\u00e5 plats 15 var snabbaste bl\u00e5gula \u00e5kare, en minut och fyra sekunder bakom.\u00a0<\/p>\n<p>\u2013 Pinsamt! Vad var b\u00e4sta svensk? 15. Det \u00e4r framsteg men skr\u00e4mmande d\u00e5ligt, s\u00e4ger Iversen.\u00a0<\/p>\n<p>Veteranen, som g\u00e5r en h\u00e5rd kamp f\u00f6r att ta sig till OS, slutade sjua. Han s\u00e4ger att han hade haft b\u00e4ttre chans att ta sig till m\u00e4sterskapet i en svensk dr\u00e4kt.\u00a0<\/p>\n<p>\u2013 D\u00e5 hade jag nog varit klar. Men det \u00e4r inte s\u00e5 kul att vara svensk, jag \u00e4r hellre norsk, s\u00e4ger han.\u00a0<\/p>\n<p>S\u00e5gar sig sj\u00e4lv: \u201d\u00c4r pinsamt\u201d<\/p>\n<p>S\u00e4mste svensk var George Ersson. Han gick i m\u00e5l p\u00e5 86:e plats, mer \u00e4n tre minuter efter.\u00a0<\/p>\n<p>\u2013 Det \u00e4r pinsamt. Representerar man Sverige vill man inte vara p\u00e5 den placeringen. Det \u00e4r bedr\u00f6vligt, s\u00e4ger han.\u00a0<\/p>\n<p><a href=\"https:\/\/www.expressen.se\/tagg\/person\/edvin-anger\/\" class=\"\" rel=\"nofollow noopener\" target=\"_blank\">Edvin Anger<\/a> slutade p\u00e5 plats 20. En minut och elva sekunder efter Hedegart.\u00a0<\/p>\n<p>\u2013 Det \u00e4r d\u00e5ligt. Det \u00e4r segt. Det finns ingen energi. Det \u00e4r bara hem och ta en extra vilodag. Jag \u00e4r besviken p\u00e5 hela den f\u00f6rsta perioden. Nu f\u00e5r man g\u00f6ra en n\u00f6dplan, s\u00e4ger han.\u00a0<\/p>\n<p>Tidigare skidskytt vann: \u201dJag krossar dem\u201d<\/p>\n<p>Tidigare skidskytten Einar Hedegart vann klart. Han tog sin andra seger och tredje pallplats \u2013 p\u00e5 tre starter i v\u00e4rldscupen den h\u00e4r s\u00e4songen. Han var 10 sekunder f\u00f6r landsmannen Harald \u00d6stberg Amundsen. Trea kom Mattis Stenshagen, Norge.<\/p>\n<p>\u2013 Det k\u00e4ndes extremt bra. En av mina b\u00e4sta dagar p\u00e5 skidor, s\u00e4ger Hedegart.<\/p>\n<p>\u2013 Jag tycker det \u00e4r s\u00e5 sjukt sk\u00f6nt vinna med bra marginal. Att vinna smakar gott, men att krossa konkurrenterna \u00e4r tio g\u00e5nger b\u00e4ttre.<\/p>\n<p>24-\u00e5ringen \u00e4r ovan med att t\u00e4vla p\u00e5 h\u00f6jd.<\/p>\n<p>\u2013 Jag var nerv\u00f6s. I torsdags var jag riktigt sliten, s\u00e4ger han. Men i dag var en tio av tio-dag.<\/p>\n<p>Giganten Johannes H\u00f6sflot Kl\u00e4bo har haft en tung helg. Efter fiaskot i sprinten i g\u00e5r slutade han p\u00e5 en fj\u00e4rdeplats och missade pallen. Han har nu varit s\u00e4mre \u00e4n Hedegart i alla distanslopp den h\u00e4r s\u00e4songen.<\/p>\n<p>Ryske Savelij Korosteljov slutade p\u00e5 25:e plats. En minut och 20 sekunder bakom.\u00a0<\/p>\n","protected":false},"excerpt":{"rendered":"Publicerad 14 dec 2025 kl 10.53Uppdaterad kl 12.32 Svenskarna var l\u00e5ngt efter i distansen.\u00a0 Sedan slaktades samtliga av&hellip;\n","protected":false},"author":2,"featured_media":106132,"comment_status":"","ping_status":"","sticky":false,"template":"","format":"standard","meta":{"footnotes":""},"categories":[68],"tags":[4478,11873,34,857,111,110,31,33,32,30],"class_list":{"0":"post-106131","1":"post","2":"type-post","3":"status-publish","4":"format-standard","5":"has-post-thumbnail","7":"category-sport","8":"tag-person-edvin-anger","9":"tag-person-emil-iversen","10":"tag-se","11":"tag-sections-langdskidor","12":"tag-sport","13":"tag-sports","14":"tag-svenska","15":"tag-sverige","16":"tag-sweden","17":"tag-swedish"},"share_on_mastodon":{"url":"https:\/\/pubeurope.com\/@se\/115721011411715897","error":""},"_links":{"self":[{"href":"https:\/\/www.europesays.com\/se\/wp-json\/wp\/v2\/posts\/106131","targetHints":{"allow":["GET"]}}],"collection":[{"href":"https:\/\/www.europesays.com\/se\/wp-json\/wp\/v2\/posts"}],"about":[{"href":"https:\/\/www.europesays.com\/se\/wp-json\/wp\/v2\/types\/post"}],"author":[{"embeddable":true,"href":"https:\/\/www.europesays.com\/se\/wp-json\/wp\/v2\/users\/2"}],"replies":[{"embeddable":true,"href":"https:\/\/www.europesays.com\/se\/wp-json\/wp\/v2\/comments?post=106131"}],"version-history":[{"count":0,"href":"https:\/\/www.europesays.com\/se\/wp-json\/wp\/v2\/posts\/106131\/revisions"}],"wp:featuredmedia":[{"embeddable":true,"href":"https:\/\/www.europesays.com\/se\/wp-json\/wp\/v2\/media\/106132"}],"wp:attachment":[{"href":"https:\/\/www.europesays.com\/se\/wp-json\/wp\/v2\/media?parent=106131"}],"wp:term":[{"taxonomy":"category","embeddable":true,"href":"https:\/\/www.europesays.com\/se\/wp-json\/wp\/v2\/categories?post=106131"},{"taxonomy":"post_tag","embeddable":true,"href":"https:\/\/www.europesays.com\/se\/wp-json\/wp\/v2\/tags?post=106131"}],"curies":[{"name":"wp","href":"https:\/\/api.w.org\/{rel}","templated":true}]}}