{"id":106137,"date":"2025-12-15T02:20:27","date_gmt":"2025-12-15T02:20:27","guid":{"rendered":"https:\/\/www.europesays.com\/se\/106137\/"},"modified":"2025-12-15T02:20:27","modified_gmt":"2025-12-15T02:20:27","slug":"kulturskolans-vinterkvall-sundbybergs-stad","status":"publish","type":"post","link":"https:\/\/www.europesays.com\/se\/106137\/","title":{"rendered":"Kulturskolans vinterkv\u00e4ll | Sundbybergs stad"},"content":{"rendered":"<p class=\"font-normal\">Kv\u00e4llen bjuder p\u00e5 Kulturskolans m\u00e5nga konstuttryck, med allt ifr\u00e5n k\u00f6rs\u00e5ng, dans och musik till diktl\u00e4sning, hantverk och m\u00f6jligheter att skapa n\u00e5got eget under kv\u00e4llens g\u00e5ng.<\/p>\n<p class=\"font-normal\">D\u00f6rrarna \u00f6ppnar klockan 17.30 och kv\u00e4llens rullande schema lovar en variation av upptr\u00e4danden i konsthallens fina lokaler. Se till att ta rundan runt hela huset och uppt\u00e4ck utst\u00e4llningar, videoverk och annat skoj. Ta del av vintermarknaden, njut av en kopp gl\u00f6gg och bes\u00f6k konsthallens restaurang.<\/p>\n<p class=\"font-normal\">Ta med hela familjen och fira in vintern tillsammans med Kulturskolan!<\/p>\n","protected":false},"excerpt":{"rendered":"Kv\u00e4llen bjuder p\u00e5 Kulturskolans m\u00e5nga konstuttryck, med allt ifr\u00e5n k\u00f6rs\u00e5ng, dans och musik till diktl\u00e4sning, hantverk och m\u00f6jligheter&hellip;\n","protected":false},"author":2,"featured_media":106138,"comment_status":"","ping_status":"","sticky":false,"template":"","format":"standard","meta":{"footnotes":""},"categories":[69],"tags":[113,112,34,31,33,32,30],"class_list":{"0":"post-106137","1":"post","2":"type-post","3":"status-publish","4":"format-standard","5":"has-post-thumbnail","7":"category-halsa","8":"tag-halsa","9":"tag-health","10":"tag-se","11":"tag-svenska","12":"tag-sverige","13":"tag-sweden","14":"tag-swedish"},"share_on_mastodon":{"url":"https:\/\/pubeurope.com\/@se\/115721196204024568","error":""},"_links":{"self":[{"href":"https:\/\/www.europesays.com\/se\/wp-json\/wp\/v2\/posts\/106137","targetHints":{"allow":["GET"]}}],"collection":[{"href":"https:\/\/www.europesays.com\/se\/wp-json\/wp\/v2\/posts"}],"about":[{"href":"https:\/\/www.europesays.com\/se\/wp-json\/wp\/v2\/types\/post"}],"author":[{"embeddable":true,"href":"https:\/\/www.europesays.com\/se\/wp-json\/wp\/v2\/users\/2"}],"replies":[{"embeddable":true,"href":"https:\/\/www.europesays.com\/se\/wp-json\/wp\/v2\/comments?post=106137"}],"version-history":[{"count":0,"href":"https:\/\/www.europesays.com\/se\/wp-json\/wp\/v2\/posts\/106137\/revisions"}],"wp:featuredmedia":[{"embeddable":true,"href":"https:\/\/www.europesays.com\/se\/wp-json\/wp\/v2\/media\/106138"}],"wp:attachment":[{"href":"https:\/\/www.europesays.com\/se\/wp-json\/wp\/v2\/media?parent=106137"}],"wp:term":[{"taxonomy":"category","embeddable":true,"href":"https:\/\/www.europesays.com\/se\/wp-json\/wp\/v2\/categories?post=106137"},{"taxonomy":"post_tag","embeddable":true,"href":"https:\/\/www.europesays.com\/se\/wp-json\/wp\/v2\/tags?post=106137"}],"curies":[{"name":"wp","href":"https:\/\/api.w.org\/{rel}","templated":true}]}}