{"id":106143,"date":"2025-12-15T02:51:11","date_gmt":"2025-12-15T02:51:11","guid":{"rendered":"https:\/\/www.europesays.com\/se\/106143\/"},"modified":"2025-12-15T02:51:11","modified_gmt":"2025-12-15T02:51:11","slug":"pappa-och-son-lag-bakom-terrorattacken-i-sydney","status":"publish","type":"post","link":"https:\/\/www.europesays.com\/se\/106143\/","title":{"rendered":"Pappa och son l\u00e5g bakom terrorattacken i Sydney"},"content":{"rendered":"<p>G\u00e4rningsm\u00e4nnen i terrord\u00e5det p\u00e5 Bondi Beach i Sydney var en 50-\u00e5rig man och hans 24-\u00e5rige son, meddelar polisen vid en presstr\u00e4ff. <\/p>\n<p>50-\u00e5rige Sajid Akram d\u00f6dades p\u00e5 platsen och sonen, Naveed Akram, v\u00e5rdas p\u00e5 sjukhus, skriver Sydney Morning Herald. De inledde attacken genom att avlossa skott fr\u00e5n en g\u00e5ngbro intill omr\u00e5det d\u00e4r m\u00e4nniskor samlats f\u00f6r att fira den judiska h\u00f6gtiden chanukka. <\/p>\n<p>Samtidigt som attacken p\u00e5gick l\u00e4mnade den ena skytten bron. En kort stund senare \u00f6vermannades han av 43-\u00e5riga Ahmed al-Ahmed som tacklade omkull honom och grep tag i vapnet. <\/p>\n<p>D\u00f6dssiffran har stigit till 16 personer. P\u00e5 m\u00e5ndagsmorgonen lokal tid s\u00e4ger premi\u00e4rminister Anthony Albanese att s\u00f6ndagen \u00e4r en m\u00f6rk dag i landets historia. <\/p>\n<p>\u2013 Men vi som land \u00e4r starkare \u00e4n ynkryggarna som gjorde det h\u00e4r. <\/p>\n<p>Attacken utreds som ett terrord\u00e5d riktat mot judar. <\/p>\n<p>Omni \u00e4r politiskt obundna och oberoende. Vi str\u00e4var efter att ge fler perspektiv p\u00e5 nyheterna. Har du fr\u00e5gor eller synpunkter kring v\u00e5r rapportering? <a href=\"https:\/\/omni.se\/far-och-son-bakom-dadet-i-sydney\/a\/mailto:redaktion@omni.se\" class=\"ArticleActions_contactLink__W2F1M\" rel=\"nofollow noopener\" target=\"_blank\">Kontakta redaktionen<\/a><\/p>\n","protected":false},"excerpt":{"rendered":"G\u00e4rningsm\u00e4nnen i terrord\u00e5det p\u00e5 Bondi Beach i Sydney var en 50-\u00e5rig man och hans 24-\u00e5rige son, meddelar polisen&hellip;\n","protected":false},"author":2,"featured_media":106144,"comment_status":"","ping_status":"","sticky":false,"template":"","format":"standard","meta":{"footnotes":""},"categories":[5],"tags":[449,450,22,23,26,27,17,21,24,25,28,29,15,16,18,34,31,33,32,30,19,20],"class_list":{"0":"post-106143","1":"post","2":"type-post","3":"status-publish","4":"format-standard","5":"has-post-thumbnail","7":"category-rubriker","8":"tag-anthony-albanese","9":"tag-australien","10":"tag-breaking-news","11":"tag-breakingnews","12":"tag-featured-news","13":"tag-featurednews","14":"tag-headlines","15":"tag-huvudnyheter","16":"tag-latest-news","17":"tag-latestnews","18":"tag-main-news","19":"tag-mainnews","20":"tag-news","21":"tag-nyheter","22":"tag-rubriker","23":"tag-se","24":"tag-svenska","25":"tag-sverige","26":"tag-sweden","27":"tag-swedish","28":"tag-top-stories","29":"tag-topstories"},"share_on_mastodon":{"url":"https:\/\/pubeurope.com\/@se\/115721318089834213","error":""},"_links":{"self":[{"href":"https:\/\/www.europesays.com\/se\/wp-json\/wp\/v2\/posts\/106143","targetHints":{"allow":["GET"]}}],"collection":[{"href":"https:\/\/www.europesays.com\/se\/wp-json\/wp\/v2\/posts"}],"about":[{"href":"https:\/\/www.europesays.com\/se\/wp-json\/wp\/v2\/types\/post"}],"author":[{"embeddable":true,"href":"https:\/\/www.europesays.com\/se\/wp-json\/wp\/v2\/users\/2"}],"replies":[{"embeddable":true,"href":"https:\/\/www.europesays.com\/se\/wp-json\/wp\/v2\/comments?post=106143"}],"version-history":[{"count":0,"href":"https:\/\/www.europesays.com\/se\/wp-json\/wp\/v2\/posts\/106143\/revisions"}],"wp:featuredmedia":[{"embeddable":true,"href":"https:\/\/www.europesays.com\/se\/wp-json\/wp\/v2\/media\/106144"}],"wp:attachment":[{"href":"https:\/\/www.europesays.com\/se\/wp-json\/wp\/v2\/media?parent=106143"}],"wp:term":[{"taxonomy":"category","embeddable":true,"href":"https:\/\/www.europesays.com\/se\/wp-json\/wp\/v2\/categories?post=106143"},{"taxonomy":"post_tag","embeddable":true,"href":"https:\/\/www.europesays.com\/se\/wp-json\/wp\/v2\/tags?post=106143"}],"curies":[{"name":"wp","href":"https:\/\/api.w.org\/{rel}","templated":true}]}}